{"id":247763,"date":"2022-03-30T15:27:45","date_gmt":"2022-03-30T13:27:45","guid":{"rendered":"https:\/\/zjarr.tv\/?p=247763"},"modified":"2022-03-30T15:27:45","modified_gmt":"2022-03-30T13:27:45","slug":"dyert-jane-te-hapura-majlinda-bregu-del-mesazhin-e-forte","status":"publish","type":"post","link":"https:\/\/zjarr.tv\/en\/dyert-jane-te-hapura-majlinda-bregu-del-mesazhin-e-forte\/","title":{"rendered":"\u201cDyert jan\u00eb t\u00eb hapura\u201d\/ Majlinda Bregu del mesazhin e forte"},"content":{"rendered":"<p>Sekretarja e P\u00ebrgjithshme e K\u00ebshillit t\u00eb Bashk\u00ebpunimit Rajonal, Majlinda Bregu ka drejtuar nj\u00eb mesazh t\u00eb fort\u00eb n\u00eb lidhje me integrimin e Ballkanit Per\u00ebndimor n\u00eb BE.<\/p>\n<p>N\u00eb nj\u00eb postim n\u00eb rrjetet sociale, Bregu shkruan se duhet intensifikuar rruga drejt an\u00ebtar\u00ebsimit n\u00eb BE.<\/p>\n<p>\u201cJo p\u00ebr t\u00eb v\u00ebn\u00eb gishtin n\u00eb plag\u00eb, por akoma m\u00eb shum\u00eb p\u00ebr shkak t\u00eb luft\u00ebs n\u00eb Ukrain\u00eb, narrativa \u201cdyert jan\u00eb t\u00eb hapura\u201d, do t\u00eb jet\u00eb vet\u00ebm e cop\u00ebzuar n\u00ebse nuk bashkohet me nj\u00eb thirrje p\u00ebr nj\u00eb rrug\u00eb t\u00eb besueshme e t\u00eb intensifikuar drejt an\u00ebtar\u00ebsimit n\u00eb BE; p\u00ebrfshirja graduale n\u00eb politikat, programet dhe tregun e BE-s\u00eb. Opinoni im EURACTIV], mbi procesin e zgjerimit t\u00eb BE-s\u00eb n\u00eb drit\u00ebn e rrethanave t\u00eb fundit n\u00eb #Ukrain\u00eb.\u201d-shkruan Bregu.<\/p>","protected":false},"excerpt":{"rendered":"<p>Sekretarja e P\u00ebrgjithshme e K\u00ebshillit t\u00eb Bashk\u00ebpunimit Rajonal, Majlinda Bregu ka drejtuar nj\u00eb mesazh t\u00eb fort\u00eb n\u00eb lidhje me integrimin e Ballkanit Per\u00ebndimor n\u00eb BE. N\u00eb nj\u00eb postim n\u00eb rrjetet sociale, Bregu shkruan se duhet intensifikuar rruga drejt an\u00ebtar\u00ebsimit n\u00eb BE. \u201cJo p\u00ebr t\u00eb v\u00ebn\u00eb gishtin n\u00eb plag\u00eb, por akoma m\u00eb shum\u00eb p\u00ebr shkak t\u00eb [&hellip;]<\/p>\n","protected":false},"author":2030,"featured_media":247764,"comment_status":"closed","ping_status":"closed","sticky":false,"template":"","format":"standard","meta":{"footnotes":""},"categories":[241,3366,5380,231,1454],"tags":[],"class_list":{"0":"post-247763","1":"post","2":"type-post","3":"status-publish","4":"format-standard","5":"has-post-thumbnail","7":"category-aktualitet","8":"category-koment","9":"category-kryesore","10":"category-lajme","11":"category-politike"},"_links":{"self":[{"href":"https:\/\/zjarr.tv\/en\/wp-json\/wp\/v2\/posts\/247763","targetHints":{"allow":["GET"]}}],"collection":[{"href":"https:\/\/zjarr.tv\/en\/wp-json\/wp\/v2\/posts"}],"about":[{"href":"https:\/\/zjarr.tv\/en\/wp-json\/wp\/v2\/types\/post"}],"author":[{"embeddable":true,"href":"https:\/\/zjarr.tv\/en\/wp-json\/wp\/v2\/users\/2030"}],"replies":[{"embeddable":true,"href":"https:\/\/zjarr.tv\/en\/wp-json\/wp\/v2\/comments?post=247763"}],"version-history":[{"count":0,"href":"https:\/\/zjarr.tv\/en\/wp-json\/wp\/v2\/posts\/247763\/revisions"}],"wp:featuredmedia":[{"embeddable":true,"href":"https:\/\/zjarr.tv\/en\/wp-json\/wp\/v2\/media\/247764"}],"wp:attachment":[{"href":"https:\/\/zjarr.tv\/en\/wp-json\/wp\/v2\/media?parent=247763"}],"wp:term":[{"taxonomy":"category","embeddable":true,"href":"https:\/\/zjarr.tv\/en\/wp-json\/wp\/v2\/categories?post=247763"},{"taxonomy":"post_tag","embeddable":true,"href":"https:\/\/zjarr.tv\/en\/wp-json\/wp\/v2\/tags?post=247763"}],"curies":[{"name":"wp","href":"https:\/\/api.w.org\/{rel}","templated":true}]}}