{"id":247775,"date":"2022-03-30T15:41:48","date_gmt":"2022-03-30T13:41:48","guid":{"rendered":"https:\/\/zjarr.tv\/?p=247775"},"modified":"2022-03-30T15:41:48","modified_gmt":"2022-03-30T13:41:48","slug":"trefishohet-numri-i-bicikletave-te-shitura-veliaj-cdo-sfide-kthehet-ne-mundesi","status":"publish","type":"post","link":"https:\/\/zjarr.tv\/en\/trefishohet-numri-i-bicikletave-te-shitura-veliaj-cdo-sfide-kthehet-ne-mundesi\/","title":{"rendered":"Trefishohet numri i bi\u00e7ikletave t\u00eb shitura, Veliaj: \u00c7do sfid\u00eb kthehet n\u00eb mund\u00ebsi"},"content":{"rendered":"<p>Numri i p\u00ebrdoruesve t\u00eb bi\u00e7ikletave n\u00eb Tiran\u00eb \u00ebsht\u00eb shtuar n\u00eb vitet e fundit kur bota \u00ebsht\u00eb p\u00ebrballur me pandemin\u00eb, apo me rritjen e \u00e7mimit t\u00eb naft\u00ebs p\u00ebr shkak t\u00eb luft\u00ebs n\u00eb Ukrain\u00eb.<\/p>\n<p>Kryetari i Bashkis\u00eb s\u00eb Tiran\u00ebs, Erion Veliaj, n\u00eb nj\u00eb takim t\u00eb zhvilluar u tha se kjo \u00ebsht\u00eb periudha m\u00eb e mir\u00eb p\u00ebr t\u00eb kuptuar r\u00ebnd\u00ebsin\u00eb e p\u00ebrdorimit t\u00eb bi\u00e7ikletave.<\/p>\n<p>\u201cFakti q\u00eb \u00ebsht\u00eb trefishuar numri i bi\u00e7ikletave q\u00eb jan\u00eb shitur, apo zhdoganuar, \u00ebsht\u00eb nj\u00eb lajm shum\u00eb i mir\u00eb. Do t\u00eb thot\u00eb se nuk jemi dor\u00ebzuar p\u00ebrpara k\u00ebsaj sfide p\u00ebr di\u00e7ka q\u00eb s\u2019e kontrollojm\u00eb dot, por kemi p\u00ebrqafuar nj\u00eb mund\u00ebsi. Ndaj mezi pres q\u00eb t\u00eb shohim, jo vet\u00ebm p\u00ebrhapjen e dyqaneve t\u00eb tilla n\u00ebp\u00ebr lagje, por edhe p\u00ebrhapjen e kultur\u00ebs q\u00eb pasohet me shtimin e rrjetit t\u00eb bi\u00e7ikletave. K\u00ebt\u00eb vit do t\u00eb vazhdojm\u00eb ta plot\u00ebsojm\u00eb at\u00eb q\u00eb quhet \u201crrjeti minimal i bi\u00e7ikletave\u201d, p\u00ebr t\u00eb cil\u00ebn po punojm\u00eb edhe me GIZ-in dhe KF\u00cb-n\u00eb, dy agjenci gjermane t\u00eb specializuara t\u00eb zhvillimit urban\u201d, tha Veliaj.<\/p>\n<p>Kryebashkiaku pohoi se distancat e vogla n\u00eb Tiran\u00eb, q\u00eb k\u00ebrkojn\u00eb m\u00eb pak se 15 minuta koh\u00eb, mund t\u00eb kryhen fare mir\u00eb n\u00eb k\u00ebmb\u00eb, ose me bi\u00e7iklet\u00eb.<\/p>\n<p>\u201cNj\u00eb shofer duhet t\u2019i g\u00ebzohet faktit sa her\u00eb sheh dik\u00eb me bi\u00e7iklet\u00eb, sepse do t\u00eb thot\u00eb se ka nj\u00eb makin\u00eb m\u00eb pak n\u00eb rrug\u00eb. Sigurisht, p\u00ebr disa njer\u00ebz makina \u00ebsht\u00eb e nevojshme p\u00ebr t\u00eb kryer disa distanca, por n\u00eb kushtet kur Tirana ka nj\u00eb rreze prej 3-4 kilometrash, pra rreth 15 minuta nga kudo ku mund t\u00eb shkosh, p\u00ebrdorimi i bi\u00e7iklet\u00ebs ka kuptim, \u00ebsht\u00eb m\u00eb ekonomike, m\u00eb e sh\u00ebndetshme dhe sigurisht \u00ebsht\u00eb nj\u00eb m\u00ebnyr\u00eb p\u00ebr t\u2019iu p\u00ebrgjigjur k\u00ebsaj krize q\u00eb po ndodh, t\u00eb cil\u00ebn nuk e kontrollojm\u00eb dot. Ama, mund t\u00eb kontrollojm\u00eb m\u00ebnyr\u00ebn si sillemi vet\u00eb. Mund t\u00eb kontrollojm\u00eb zakonet tona, stilin ton\u00eb t\u00eb jetes\u00ebs. Uroj q\u00eb trendi i p\u00ebrdorimi t\u00eb bi\u00e7ikletave t\u00eb vazhdoj\u00eb. N\u00eb dit\u00ebt me trafik apo n\u00eb dit\u00ebt e nj\u00eb krize t\u00eb naft\u00ebs, duhet t\u00eb themi eja nd\u00ebrrojm\u00eb zakonin, m\u00eb mir\u00eb p\u00ebrdorim bi\u00e7iklet\u00ebn ose ecim n\u00eb k\u00ebmb\u00eb, sidomos n\u00eb nj\u00eb vend si ky i yni, ku kemi 300 dit\u00eb diell\u201d, theksoi Veliaj.<\/p>","protected":false},"excerpt":{"rendered":"<p>Numri i p\u00ebrdoruesve t\u00eb bi\u00e7ikletave n\u00eb Tiran\u00eb \u00ebsht\u00eb shtuar n\u00eb vitet e fundit kur bota \u00ebsht\u00eb p\u00ebrballur me pandemin\u00eb, apo me rritjen e \u00e7mimit t\u00eb naft\u00ebs p\u00ebr shkak t\u00eb luft\u00ebs n\u00eb Ukrain\u00eb. Kryetari i Bashkis\u00eb s\u00eb Tiran\u00ebs, Erion Veliaj, n\u00eb nj\u00eb takim t\u00eb zhvilluar u tha se kjo \u00ebsht\u00eb periudha m\u00eb e mir\u00eb p\u00ebr t\u00eb [&hellip;]<\/p>\n","protected":false},"author":2030,"featured_media":247776,"comment_status":"closed","ping_status":"closed","sticky":false,"template":"","format":"standard","meta":{"footnotes":""},"categories":[241],"tags":[],"class_list":{"0":"post-247775","1":"post","2":"type-post","3":"status-publish","4":"format-standard","5":"has-post-thumbnail","7":"category-aktualitet"},"_links":{"self":[{"href":"https:\/\/zjarr.tv\/en\/wp-json\/wp\/v2\/posts\/247775","targetHints":{"allow":["GET"]}}],"collection":[{"href":"https:\/\/zjarr.tv\/en\/wp-json\/wp\/v2\/posts"}],"about":[{"href":"https:\/\/zjarr.tv\/en\/wp-json\/wp\/v2\/types\/post"}],"author":[{"embeddable":true,"href":"https:\/\/zjarr.tv\/en\/wp-json\/wp\/v2\/users\/2030"}],"replies":[{"embeddable":true,"href":"https:\/\/zjarr.tv\/en\/wp-json\/wp\/v2\/comments?post=247775"}],"version-history":[{"count":0,"href":"https:\/\/zjarr.tv\/en\/wp-json\/wp\/v2\/posts\/247775\/revisions"}],"wp:featuredmedia":[{"embeddable":true,"href":"https:\/\/zjarr.tv\/en\/wp-json\/wp\/v2\/media\/247776"}],"wp:attachment":[{"href":"https:\/\/zjarr.tv\/en\/wp-json\/wp\/v2\/media?parent=247775"}],"wp:term":[{"taxonomy":"category","embeddable":true,"href":"https:\/\/zjarr.tv\/en\/wp-json\/wp\/v2\/categories?post=247775"},{"taxonomy":"post_tag","embeddable":true,"href":"https:\/\/zjarr.tv\/en\/wp-json\/wp\/v2\/tags?post=247775"}],"curies":[{"name":"wp","href":"https:\/\/api.w.org\/{rel}","templated":true}]}}