{"id":247779,"date":"2022-03-30T15:45:05","date_gmt":"2022-03-30T13:45:05","guid":{"rendered":"https:\/\/zjarr.tv\/?p=247779"},"modified":"2022-03-30T15:45:05","modified_gmt":"2022-03-30T13:45:05","slug":"hiene-naten-qingj-diten-dule-sulmon-ashper-ramen-kam-dhe-5-pyetje","status":"publish","type":"post","link":"https:\/\/zjarr.tv\/en\/hiene-naten-qingj-diten-dule-sulmon-ashper-ramen-kam-dhe-5-pyetje\/","title":{"rendered":"\u2018Hien\u00eb nat\u00ebn, qingj dit\u00ebn\u2019, Dule sulmon ashp\u00ebr Ram\u00ebn: Kam dhe 5 pyetje"},"content":{"rendered":"<p>Kreu i PBDNJ-s\u00eb Vangjel Dule n\u00eb nj\u00eb deklarat\u00eb p\u00ebr mediat ka d\u00ebnuar me gjuh\u00eb t\u00eb ashp\u00ebr heqjen e tabelave n\u00eb gjuh\u00ebn greke n\u00eb jug t\u00eb Shqip\u00ebris\u00eb.<\/p>\n<p>\u2018Ky akt p\u00ebrben shkelje flagrante t\u00eb t\u00eb drejtave t\u00eb pjes\u00ebtareve t\u00eb Minoritetit Etnik Grek, si\u00e7 ato burojn\u00eb nga Konventa kuad\u00ebr e K\u00ebshillit t\u00eb Europ\u00ebs, nga legjislacioni i vendit sikurse edhe nga politikat dhe praktikat europiane\u2019 thuhet n\u00eb deklarat\u00eb.<\/p>\n<p>Kryetari i k\u00ebsaj partie Vangjel Dule ka sulmuar direkt kryeministrin Rama duke e p\u00ebrkufizuar si person \u2018Me q\u00ebndrime hiene nat\u00ebn dhe qingji dit\u00ebn\u2019 nd\u00ebrsa i ka shtruar disa pyetje:<\/p>\n<p>P\u00ebrse tabelat u hoq\u00ebn nat\u00ebn n\u00ebn nj\u00eb klim\u00eb terrori dhe pranie t\u00eb paarsyeshme policore?<\/p>\n<p>P\u00ebrse nuk i parapriu k\u00ebtij akti komunikimi dhe bashk\u00ebrendimi institucional i veprimeve t\u00eb Qeveris\u00eb me pushtetin vendor?<\/p>\n<p>P\u00ebrse Qeveria e zotit Rama nuk i ka vendosur vet\u00eb tabelat dygjuh\u00ebshe n\u00eb hap\u00ebsirat ku jeton tradicionalisht dhe n\u00eb numra t\u00eb konsideruesh\u00ebm Minoriteti Etnik Grek si\u00e7 e k\u00ebrkon Ligji p\u00ebr Mbrotjen e Pakicave Komb\u00ebtare i votuar qe n\u00eb tetor 2017?<\/p>\n<p>P\u00ebrse Qeveria Rama nuk ka miratuar ende aktet n\u00ebnligjore, t\u00eb domosdoshme p\u00ebr zbatimin e Ligjit p\u00ebr Mbrojtjen e Pakicave Komb\u00ebtare, n\u00eb nj\u00eb koh\u00eb qe e kishte detyrim ligjor qe duhej plot\u00ebsuar deri ne maj 2018?<\/p>\n<p>P\u00ebrse nuk ka marr\u00eb asnj\u00eb mas\u00eb p\u00ebr autor\u00ebt e prishjeve sistematike t\u00eb tabelave dygjuh\u00ebshe n\u00eb aksin Kakavi- Gjirokast\u00ebr? P\u00ebrse nuk jan\u00eb rehabilituar ato?<\/p>","protected":false},"excerpt":{"rendered":"<p>Kreu i PBDNJ-s\u00eb Vangjel Dule n\u00eb nj\u00eb deklarat\u00eb p\u00ebr mediat ka d\u00ebnuar me gjuh\u00eb t\u00eb ashp\u00ebr heqjen e tabelave n\u00eb gjuh\u00ebn greke n\u00eb jug t\u00eb Shqip\u00ebris\u00eb. \u2018Ky akt p\u00ebrben shkelje flagrante t\u00eb t\u00eb drejtave t\u00eb pjes\u00ebtareve t\u00eb Minoritetit Etnik Grek, si\u00e7 ato burojn\u00eb nga Konventa kuad\u00ebr e K\u00ebshillit t\u00eb Europ\u00ebs, nga legjislacioni i vendit sikurse [&hellip;]<\/p>\n","protected":false},"author":2030,"featured_media":247780,"comment_status":"closed","ping_status":"closed","sticky":false,"template":"","format":"standard","meta":{"footnotes":""},"categories":[241,3366,5380,231,1454],"tags":[],"class_list":{"0":"post-247779","1":"post","2":"type-post","3":"status-publish","4":"format-standard","5":"has-post-thumbnail","7":"category-aktualitet","8":"category-koment","9":"category-kryesore","10":"category-lajme","11":"category-politike"},"_links":{"self":[{"href":"https:\/\/zjarr.tv\/en\/wp-json\/wp\/v2\/posts\/247779","targetHints":{"allow":["GET"]}}],"collection":[{"href":"https:\/\/zjarr.tv\/en\/wp-json\/wp\/v2\/posts"}],"about":[{"href":"https:\/\/zjarr.tv\/en\/wp-json\/wp\/v2\/types\/post"}],"author":[{"embeddable":true,"href":"https:\/\/zjarr.tv\/en\/wp-json\/wp\/v2\/users\/2030"}],"replies":[{"embeddable":true,"href":"https:\/\/zjarr.tv\/en\/wp-json\/wp\/v2\/comments?post=247779"}],"version-history":[{"count":0,"href":"https:\/\/zjarr.tv\/en\/wp-json\/wp\/v2\/posts\/247779\/revisions"}],"wp:featuredmedia":[{"embeddable":true,"href":"https:\/\/zjarr.tv\/en\/wp-json\/wp\/v2\/media\/247780"}],"wp:attachment":[{"href":"https:\/\/zjarr.tv\/en\/wp-json\/wp\/v2\/media?parent=247779"}],"wp:term":[{"taxonomy":"category","embeddable":true,"href":"https:\/\/zjarr.tv\/en\/wp-json\/wp\/v2\/categories?post=247779"},{"taxonomy":"post_tag","embeddable":true,"href":"https:\/\/zjarr.tv\/en\/wp-json\/wp\/v2\/tags?post=247779"}],"curies":[{"name":"wp","href":"https:\/\/api.w.org\/{rel}","templated":true}]}}