{"id":247796,"date":"2022-03-30T16:59:57","date_gmt":"2022-03-30T14:59:57","guid":{"rendered":"https:\/\/zjarr.tv\/?p=247796"},"modified":"2022-03-30T16:59:57","modified_gmt":"2022-03-30T14:59:57","slug":"gazment-bardhi-i-pergjigjet-berishes-askush-nuk-mund-te-imponohet-e-vleresojne-deputetet-nese-nje-non-grata-do-jete-pjese-e-grupit-parlamentar","status":"publish","type":"post","link":"https:\/\/zjarr.tv\/en\/gazment-bardhi-i-pergjigjet-berishes-askush-nuk-mund-te-imponohet-e-vleresojne-deputetet-nese-nje-non-grata-do-jete-pjese-e-grupit-parlamentar\/","title":{"rendered":"Gazment Bardhi i p\u00ebrgjigjet Berish\u00ebs: Askush nuk mund t\u00eb imponohet! E vler\u00ebsojn\u00eb deputet\u00ebt n\u00ebse nj\u00eb \u201cnon grata\u201d do jet\u00eb pjes\u00eb e Grupit Parlamentar"},"content":{"rendered":"<p>Sekretari i P\u00ebrgjithsh\u00ebm i Partis\u00eb Demokratike, Gazment Bardhi, i \u00ebsht\u00eb p\u00ebrgjigjur ish-kryeministrit Sali Berisha, pasi ky i fundit konfirmoi se do t\u00eb marr\u00eb pjes\u00eb n\u00eb mbledhjen e Grupit Parlamentar q\u00eb do t\u00eb zhvillohet dit\u00ebn e nes\u00ebrme, edhe pse \u00ebsht\u00eb i p\u00ebrjashtuar q\u00eb nga 9 Shtatori.<\/p>\n<p>N\u00eb nj\u00eb postim n\u00eb rrjetet sociale, Bardhi thot\u00eb se askush nuk mund t\u00eb imponohet apo t\u00eb injoroj\u00eb mendimin e Grupit Parlamentar. Sipas tij, jan\u00eb deputet\u00ebt ata q\u00eb do t\u00eb vler\u00ebsojn\u00eb n\u00ebse nj\u00eb person \u201cnon grata\u201d do t\u00eb jet\u00eb ose jo pjes\u00eb e k\u00ebtij Grupi Parlamentar.<\/p>\n<p>\u201cNj\u00eb parti ku nuk respektohet vullneti, q\u00ebndrimi dhe vler\u00ebsimi i Grupit Parlamentar \u00ebsht\u00eb parti personale, por jo demokratike. Askush nuk duhet ti imponohet apo injoroj\u00eb mendimin e Grupit Parlamentar, kjo \u00ebsht\u00eb p\u00ebrdhosje e dinjitetit t\u00eb \u00e7do deputeti.<\/p>\n<p>Deputet\u00ebt duhet t\u00eb ken\u00eb t\u00eb drejt\u00eb pa asnj\u00eb kompleks apo presion t\u00eb b\u00ebjn\u00eb vler\u00ebsimin e tyre n\u00ebse nj\u00eb person i shpallur nongrata nga SHBA duhet apo jo t\u00eb jet\u00eb pjes\u00eb e grupit. Deri at\u00ebher\u00eb askush nuk mund t\u00eb imponohet.<\/p>\n<p>\u00c7do sjellje tjet\u00ebr q\u00eb i imponohet me kok\u00ebfort\u00ebsi grupit parlamentar, pa e pyetur dhe duke e injoruar at\u00eb, \u00ebsht\u00eb e papranueshme dhe jo demokratike\u201d, shkruan Gazment Bardhi.<\/p>","protected":false},"excerpt":{"rendered":"<p>Sekretari i P\u00ebrgjithsh\u00ebm i Partis\u00eb Demokratike, Gazment Bardhi, i \u00ebsht\u00eb p\u00ebrgjigjur ish-kryeministrit Sali Berisha, pasi ky i fundit konfirmoi se do t\u00eb marr\u00eb pjes\u00eb n\u00eb mbledhjen e Grupit Parlamentar q\u00eb do t\u00eb zhvillohet dit\u00ebn e nes\u00ebrme, edhe pse \u00ebsht\u00eb i p\u00ebrjashtuar q\u00eb nga 9 Shtatori. N\u00eb nj\u00eb postim n\u00eb rrjetet sociale, Bardhi thot\u00eb se askush [&hellip;]<\/p>\n","protected":false},"author":2030,"featured_media":209857,"comment_status":"closed","ping_status":"closed","sticky":false,"template":"","format":"standard","meta":{"footnotes":""},"categories":[241,5380,231,1454],"tags":[],"class_list":{"0":"post-247796","1":"post","2":"type-post","3":"status-publish","4":"format-standard","5":"has-post-thumbnail","7":"category-aktualitet","8":"category-kryesore","9":"category-lajme","10":"category-politike"},"_links":{"self":[{"href":"https:\/\/zjarr.tv\/en\/wp-json\/wp\/v2\/posts\/247796","targetHints":{"allow":["GET"]}}],"collection":[{"href":"https:\/\/zjarr.tv\/en\/wp-json\/wp\/v2\/posts"}],"about":[{"href":"https:\/\/zjarr.tv\/en\/wp-json\/wp\/v2\/types\/post"}],"author":[{"embeddable":true,"href":"https:\/\/zjarr.tv\/en\/wp-json\/wp\/v2\/users\/2030"}],"replies":[{"embeddable":true,"href":"https:\/\/zjarr.tv\/en\/wp-json\/wp\/v2\/comments?post=247796"}],"version-history":[{"count":0,"href":"https:\/\/zjarr.tv\/en\/wp-json\/wp\/v2\/posts\/247796\/revisions"}],"wp:featuredmedia":[{"embeddable":true,"href":"https:\/\/zjarr.tv\/en\/wp-json\/wp\/v2\/media\/209857"}],"wp:attachment":[{"href":"https:\/\/zjarr.tv\/en\/wp-json\/wp\/v2\/media?parent=247796"}],"wp:term":[{"taxonomy":"category","embeddable":true,"href":"https:\/\/zjarr.tv\/en\/wp-json\/wp\/v2\/categories?post=247796"},{"taxonomy":"post_tag","embeddable":true,"href":"https:\/\/zjarr.tv\/en\/wp-json\/wp\/v2\/tags?post=247796"}],"curies":[{"name":"wp","href":"https:\/\/api.w.org\/{rel}","templated":true}]}}