{"id":247799,"date":"2022-03-30T17:01:45","date_gmt":"2022-03-30T15:01:45","guid":{"rendered":"https:\/\/zjarr.tv\/?p=247799"},"modified":"2022-03-30T17:01:45","modified_gmt":"2022-03-30T15:01:45","slug":"alqi-bllako-e-dorezoi-vete-mandatin-e-deputetit-kuvendi-anullon-mbledhjen-e-komisionit-per-imunitetin","status":"publish","type":"post","link":"https:\/\/zjarr.tv\/en\/alqi-bllako-e-dorezoi-vete-mandatin-e-deputetit-kuvendi-anullon-mbledhjen-e-komisionit-per-imunitetin\/","title":{"rendered":"Alqi Bllako e dor\u00ebzoi vet\u00eb mandatin e deputetit, Kuvendi anullon mbledhjen e Komisionit p\u00ebr Imunitetin"},"content":{"rendered":"<p>Kuvendi ka anulluar mbledhjen e K\u00ebshillit p\u00ebr Rregulloren, Mandatet dhe Imunitetin, i cili ishte thirrur p\u00ebr t\u2019u mbledhur dit\u00ebn e sotme p\u00ebr t\u00eb shqyrtuar k\u00ebrkes\u00ebn e SPAK p\u00ebr dh\u00ebnien e autorizimit p\u00ebr arrestimin e deputetit Alqi Bllako.<\/p>\n<p>Anullimi i mbledhjes \u00ebsht\u00eb b\u00ebr\u00eb pasi deputeti socialist e ka dor\u00ebzuar vet\u00eb mandatin e deputetit, pasi tha se do t\u00eb p\u00ebrballet vet\u00eb n\u00eb Gjykat\u00eb dhe do t\u00eb provoj\u00eb pafaj\u00ebsin\u00eb.<\/p>\n<p>Njoftimi i Kuvendit:<\/p>\n<p>T\u00eb nderuar koleg\u00eb,<\/p>\n<p>N\u00eb mb\u00ebshtetje t\u00eb Urdh\u00ebrit nr. 24, dat\u00eb 30.03.2022,\u00a0 t\u00eb Kryetares s\u00eb Kuvendit, znj. Lindita Nikolla \u201cP\u00ebr anullimin e mbledhjes s\u00eb K\u00ebshillit p\u00ebr Rregulloren, Mandatet dhe Imunitetin\u201d, mbledhja e K\u00ebshillit nuk do t\u00eb zhvillohet.<\/p>\n<p>Deputeti Alqi Bllako ka depozituar n\u00eb Kuvend deklarat\u00ebn p\u00ebr heqjen dore\u00a0 nga mandati i deputetit me vullnet t\u00eb dhe p\u00ebr rrjedhoj\u00eb Kuvendi nuk mund t\u00eb vazhdoj\u00eb procedurat p\u00ebr shqyrtimin e k\u00ebrkes\u00ebs s\u00eb Prokuroris\u00eb s\u00eb Posa\u00e7me Kund\u00ebr Korrupsionit dhe Krimit t\u00eb Organizuar\u00a0 p\u00ebr dh\u00ebnien e autorizimit p\u00ebr arrestimin e deputetit Alqi Bllako.<\/p>","protected":false},"excerpt":{"rendered":"<p>Kuvendi ka anulluar mbledhjen e K\u00ebshillit p\u00ebr Rregulloren, Mandatet dhe Imunitetin, i cili ishte thirrur p\u00ebr t\u2019u mbledhur dit\u00ebn e sotme p\u00ebr t\u00eb shqyrtuar k\u00ebrkes\u00ebn e SPAK p\u00ebr dh\u00ebnien e autorizimit p\u00ebr arrestimin e deputetit Alqi Bllako. Anullimi i mbledhjes \u00ebsht\u00eb b\u00ebr\u00eb pasi deputeti socialist e ka dor\u00ebzuar vet\u00eb mandatin e deputetit, pasi tha se [&hellip;]<\/p>\n","protected":false},"author":2030,"featured_media":247800,"comment_status":"closed","ping_status":"closed","sticky":false,"template":"","format":"standard","meta":{"footnotes":""},"categories":[241,5380,231],"tags":[],"class_list":{"0":"post-247799","1":"post","2":"type-post","3":"status-publish","4":"format-standard","5":"has-post-thumbnail","7":"category-aktualitet","8":"category-kryesore","9":"category-lajme"},"_links":{"self":[{"href":"https:\/\/zjarr.tv\/en\/wp-json\/wp\/v2\/posts\/247799","targetHints":{"allow":["GET"]}}],"collection":[{"href":"https:\/\/zjarr.tv\/en\/wp-json\/wp\/v2\/posts"}],"about":[{"href":"https:\/\/zjarr.tv\/en\/wp-json\/wp\/v2\/types\/post"}],"author":[{"embeddable":true,"href":"https:\/\/zjarr.tv\/en\/wp-json\/wp\/v2\/users\/2030"}],"replies":[{"embeddable":true,"href":"https:\/\/zjarr.tv\/en\/wp-json\/wp\/v2\/comments?post=247799"}],"version-history":[{"count":0,"href":"https:\/\/zjarr.tv\/en\/wp-json\/wp\/v2\/posts\/247799\/revisions"}],"wp:featuredmedia":[{"embeddable":true,"href":"https:\/\/zjarr.tv\/en\/wp-json\/wp\/v2\/media\/247800"}],"wp:attachment":[{"href":"https:\/\/zjarr.tv\/en\/wp-json\/wp\/v2\/media?parent=247799"}],"wp:term":[{"taxonomy":"category","embeddable":true,"href":"https:\/\/zjarr.tv\/en\/wp-json\/wp\/v2\/categories?post=247799"},{"taxonomy":"post_tag","embeddable":true,"href":"https:\/\/zjarr.tv\/en\/wp-json\/wp\/v2\/tags?post=247799"}],"curies":[{"name":"wp","href":"https:\/\/api.w.org\/{rel}","templated":true}]}}