{"id":247807,"date":"2022-03-30T17:34:17","date_gmt":"2022-03-30T15:34:17","guid":{"rendered":"https:\/\/zjarr.tv\/?p=247807"},"modified":"2022-03-30T17:34:17","modified_gmt":"2022-03-30T15:34:17","slug":"nis-mbledhja-e-kryesise-se-partise-socialiste-cfare-pritet-te-diskutohet","status":"publish","type":"post","link":"https:\/\/zjarr.tv\/en\/nis-mbledhja-e-kryesise-se-partise-socialiste-cfare-pritet-te-diskutohet\/","title":{"rendered":"Nis mbledhja e Kryesis\u00eb s\u00eb Partis\u00eb Socialiste, \u00e7far\u00eb pritet t\u00eb diskutohet"},"content":{"rendered":"<p>Ka nisur mbledhja e Kryesis\u00eb s\u00eb Partis\u00eb Socialiste, e thirrur nga kryeministri Edi Rama. N\u00eb fokus t\u00eb mbledhjes do t\u00eb jen\u00eb analizat p\u00ebr zgjedhjet e 6 Marist, ku PS doli fituese, duke arritur t\u00eb marr\u00eb 5 nga 6 bashki.<\/p>\n<p>Gjithashtu do t\u00eb diskutohet edhe p\u00ebr kriz\u00ebn ekonomike dhe K\u00ebshillimin Komb\u00ebtar, pasi kjo nism\u00eb do t\u00eb mbyllet nes\u00ebr. Nj\u00eb tjet\u00ebr \u00e7\u00ebshtje e r\u00ebnd\u00ebsishme q\u00eb do t\u00eb jet\u00eb n\u00eb fokusin e PS-s\u00eb \u00ebsht\u00eb edhe zgjedhja e Presidentit t\u00eb ri.<\/p>\n<p>Rama u ka k\u00ebrkuar deputet\u00ebve q\u00eb t\u00eb sjellin propozimet e tyre, nd\u00ebrkoh\u00eb q\u00eb socialist\u00ebt kan\u00eb zgjedhur Taulant Ball\u00ebn, Damian Gjiknurin dhe Elisa Spiropalin p\u00ebr t\u00eb biseduar me opozit\u00ebn p\u00ebr emrin e Presidentit t\u00eb ri. N\u00eb mbledhjen e sotme do t\u00eb marr\u00eb pjes\u00eb edhe Alqi Bllako, i cili m\u00eb pas do t\u00eb dor\u00ebzoj\u00eb mandatin e deputetit p\u00ebr t\u2019u p\u00ebrballur me drejt\u00ebsin\u00eb.<\/p>","protected":false},"excerpt":{"rendered":"<p>Ka nisur mbledhja e Kryesis\u00eb s\u00eb Partis\u00eb Socialiste, e thirrur nga kryeministri Edi Rama. N\u00eb fokus t\u00eb mbledhjes do t\u00eb jen\u00eb analizat p\u00ebr zgjedhjet e 6 Marist, ku PS doli fituese, duke arritur t\u00eb marr\u00eb 5 nga 6 bashki. Gjithashtu do t\u00eb diskutohet edhe p\u00ebr kriz\u00ebn ekonomike dhe K\u00ebshillimin Komb\u00ebtar, pasi kjo nism\u00eb do t\u00eb [&hellip;]<\/p>\n","protected":false},"author":2030,"featured_media":247808,"comment_status":"closed","ping_status":"closed","sticky":false,"template":"","format":"standard","meta":{"footnotes":""},"categories":[241,3366,5380,1454],"tags":[],"class_list":{"0":"post-247807","1":"post","2":"type-post","3":"status-publish","4":"format-standard","5":"has-post-thumbnail","7":"category-aktualitet","8":"category-koment","9":"category-kryesore","10":"category-politike"},"_links":{"self":[{"href":"https:\/\/zjarr.tv\/en\/wp-json\/wp\/v2\/posts\/247807","targetHints":{"allow":["GET"]}}],"collection":[{"href":"https:\/\/zjarr.tv\/en\/wp-json\/wp\/v2\/posts"}],"about":[{"href":"https:\/\/zjarr.tv\/en\/wp-json\/wp\/v2\/types\/post"}],"author":[{"embeddable":true,"href":"https:\/\/zjarr.tv\/en\/wp-json\/wp\/v2\/users\/2030"}],"replies":[{"embeddable":true,"href":"https:\/\/zjarr.tv\/en\/wp-json\/wp\/v2\/comments?post=247807"}],"version-history":[{"count":0,"href":"https:\/\/zjarr.tv\/en\/wp-json\/wp\/v2\/posts\/247807\/revisions"}],"wp:featuredmedia":[{"embeddable":true,"href":"https:\/\/zjarr.tv\/en\/wp-json\/wp\/v2\/media\/247808"}],"wp:attachment":[{"href":"https:\/\/zjarr.tv\/en\/wp-json\/wp\/v2\/media?parent=247807"}],"wp:term":[{"taxonomy":"category","embeddable":true,"href":"https:\/\/zjarr.tv\/en\/wp-json\/wp\/v2\/categories?post=247807"},{"taxonomy":"post_tag","embeddable":true,"href":"https:\/\/zjarr.tv\/en\/wp-json\/wp\/v2\/tags?post=247807"}],"curies":[{"name":"wp","href":"https:\/\/api.w.org\/{rel}","templated":true}]}}