{"id":247814,"date":"2022-03-30T17:56:58","date_gmt":"2022-03-30T15:56:58","guid":{"rendered":"https:\/\/zjarr.tv\/?p=247814"},"modified":"2022-03-30T17:56:58","modified_gmt":"2022-03-30T15:56:58","slug":"bllako-dorezoi-mandatin-e-deputetit-aktivistja-socialiste-ndryshimi-mes-rames-qe-ia-le-drejtesise-hetimin-dhe-berishes-qe-i-mbronte-me-zell-deputetet-e-tij-eshte-teper-i-qarte","status":"publish","type":"post","link":"https:\/\/zjarr.tv\/en\/bllako-dorezoi-mandatin-e-deputetit-aktivistja-socialiste-ndryshimi-mes-rames-qe-ia-le-drejtesise-hetimin-dhe-berishes-qe-i-mbronte-me-zell-deputetet-e-tij-eshte-teper-i-qarte\/","title":{"rendered":"Bllako dor\u00ebzoi mandatin e deputetit, aktivistja socialiste: Ndryshimi mes Ram\u00ebs q\u00eb ia l\u00eb Drejt\u00ebsis\u00eb hetimin dhe Berish\u00ebs q\u00eb i mbronte me zell deputet\u00ebt e tij, \u00ebsht\u00eb tep\u00ebr i qart\u00eb"},"content":{"rendered":"<p>Deputeti socialiste Alqi Bllako dor\u00ebzoi dit\u00ebn e sotme mandatin e deputetit, duke deklaruar se do ta provoj\u00eb pafaj\u00ebsin\u00eb e tij n\u00eb lidhje me akuzat e SPAK p\u00ebr \u00e7\u00ebshtjen e incenerator\u00ebve.<\/p>\n<p>Nd\u00ebrkoh\u00eb, aktivistja socialiste Arbia Bra\u00e7e, n\u00ebp\u00ebrmjet nj\u00eb postimi n\u00eb rrjetet sociale shkruan se ndryshimin mes kryeministrit Rama q\u00eb ia l\u00eb Drejt\u00ebsis\u00eb hetimin deri n\u00eb fund dhe ish-kryeministrit Berisha q\u00eb i mbronte me zell deputet\u00ebt e tij kur ishin n\u00eb postin e t\u00eb akuzuarit, \u00ebsht\u00eb tep\u00ebr i qart\u00eb.<\/p>\n<p>\u201cAlqi dor\u00ebzoi sot mandatin e deputetit n\u00eb Kuvend!<\/p>\n<p>Ndryshimi mes Kryeministrit Rama q\u00eb ja l\u00eb Drejt\u00ebsis\u00eb hetimin deri n\u00eb fund dhe ish Kryeministrit Berisha q\u00eb i mbronte me zell deputet\u00ebt e tij kur ishin n\u00eb postin e t\u00eb akuzuarit, \u00ebsht\u00eb tep\u00ebr i qart\u00eb.<\/p>\n<p>Kush ka sy, shikon!<\/p>\n<p>(P\u00ebrpos pjes\u00ebs personale t\u00eb miq\u00ebsis\u00eb, drejt\u00ebsia e re do \u00e7oj\u00eb gj\u00ebrat n\u00eb vend ashtu si\u00e7 jan\u00eb. Si\u00e7 duhet t\u00eb jen\u00eb, do e shohim.)\u201d, shkruan ajo.<\/p>\n<p><img loading=\"lazy\" decoding=\"async\" class=\"alignnone size-medium wp-image-247815\" src=\"https:\/\/zjarr.tv\/wp-content\/uploads\/2022\/03\/Untitled-design-2022-03-30T175629.178-300x251.jpg\" alt=\"\" width=\"300\" height=\"251\" srcset=\"https:\/\/zjarr.tv\/wp-content\/uploads\/2022\/03\/Untitled-design-2022-03-30T175629.178-300x251.jpg 300w, https:\/\/zjarr.tv\/wp-content\/uploads\/2022\/03\/Untitled-design-2022-03-30T175629.178-768x644.jpg 768w, https:\/\/zjarr.tv\/wp-content\/uploads\/2022\/03\/Untitled-design-2022-03-30T175629.178-696x583.jpg 696w, https:\/\/zjarr.tv\/wp-content\/uploads\/2022\/03\/Untitled-design-2022-03-30T175629.178-501x420.jpg 501w, https:\/\/zjarr.tv\/wp-content\/uploads\/2022\/03\/Untitled-design-2022-03-30T175629.178.jpg 940w\" sizes=\"auto, (max-width: 300px) 100vw, 300px\" \/><\/p>","protected":false},"excerpt":{"rendered":"<p>Deputeti socialiste Alqi Bllako dor\u00ebzoi dit\u00ebn e sotme mandatin e deputetit, duke deklaruar se do ta provoj\u00eb pafaj\u00ebsin\u00eb e tij n\u00eb lidhje me akuzat e SPAK p\u00ebr \u00e7\u00ebshtjen e incenerator\u00ebve. Nd\u00ebrkoh\u00eb, aktivistja socialiste Arbia Bra\u00e7e, n\u00ebp\u00ebrmjet nj\u00eb postimi n\u00eb rrjetet sociale shkruan se ndryshimin mes kryeministrit Rama q\u00eb ia l\u00eb Drejt\u00ebsis\u00eb hetimin deri n\u00eb fund [&hellip;]<\/p>\n","protected":false},"author":2030,"featured_media":247816,"comment_status":"closed","ping_status":"closed","sticky":false,"template":"","format":"standard","meta":{"footnotes":""},"categories":[241,3366,5380,231,1454],"tags":[],"class_list":{"0":"post-247814","1":"post","2":"type-post","3":"status-publish","4":"format-standard","5":"has-post-thumbnail","7":"category-aktualitet","8":"category-koment","9":"category-kryesore","10":"category-lajme","11":"category-politike"},"_links":{"self":[{"href":"https:\/\/zjarr.tv\/en\/wp-json\/wp\/v2\/posts\/247814","targetHints":{"allow":["GET"]}}],"collection":[{"href":"https:\/\/zjarr.tv\/en\/wp-json\/wp\/v2\/posts"}],"about":[{"href":"https:\/\/zjarr.tv\/en\/wp-json\/wp\/v2\/types\/post"}],"author":[{"embeddable":true,"href":"https:\/\/zjarr.tv\/en\/wp-json\/wp\/v2\/users\/2030"}],"replies":[{"embeddable":true,"href":"https:\/\/zjarr.tv\/en\/wp-json\/wp\/v2\/comments?post=247814"}],"version-history":[{"count":0,"href":"https:\/\/zjarr.tv\/en\/wp-json\/wp\/v2\/posts\/247814\/revisions"}],"wp:featuredmedia":[{"embeddable":true,"href":"https:\/\/zjarr.tv\/en\/wp-json\/wp\/v2\/media\/247816"}],"wp:attachment":[{"href":"https:\/\/zjarr.tv\/en\/wp-json\/wp\/v2\/media?parent=247814"}],"wp:term":[{"taxonomy":"category","embeddable":true,"href":"https:\/\/zjarr.tv\/en\/wp-json\/wp\/v2\/categories?post=247814"},{"taxonomy":"post_tag","embeddable":true,"href":"https:\/\/zjarr.tv\/en\/wp-json\/wp\/v2\/tags?post=247814"}],"curies":[{"name":"wp","href":"https:\/\/api.w.org\/{rel}","templated":true}]}}