{"id":247819,"date":"2022-03-30T18:06:58","date_gmt":"2022-03-30T16:06:58","guid":{"rendered":"https:\/\/zjarr.tv\/?p=247819"},"modified":"2022-03-30T18:06:58","modified_gmt":"2022-03-30T16:06:58","slug":"5-deputete-kane-firmosur-kerkesen-per-thirrjen-e-mbledhjes-se-keshillit-te-mandateve-alibeaj-te-mos-i-vendosen-shkopinj-ne-rrote-drejtesise","status":"publish","type":"post","link":"https:\/\/zjarr.tv\/en\/5-deputete-kane-firmosur-kerkesen-per-thirrjen-e-mbledhjes-se-keshillit-te-mandateve-alibeaj-te-mos-i-vendosen-shkopinj-ne-rrote-drejtesise\/","title":{"rendered":"5 deputet\u00eb kan\u00eb firmosur k\u00ebrkes\u00ebn p\u00ebr thirrjen e mbledhjes s\u00eb K\u00ebshillit t\u00eb Mandateve\/ Alibeaj: T\u00eb mos i vendosen shkopinj n\u00eb rrot\u00eb drejt\u00ebsis\u00eb"},"content":{"rendered":"<p>Alibeaj: Nuk ishte e habitshme q\u00eb do anulohej mbledhja e K\u00ebshillit t\u00eb Mandateve.<\/p>\n<p>Nga ana jon\u00eb 5 deputet\u00eb t\u00eb opozit\u00ebs \u00ebsht\u00eb paraqitur nj\u00eb k\u00ebrkes\u00eb q\u00eb ka objekt p\u00ebr thirrjen e mbledhjes s\u00eb K\u00ebshillit. K\u00ebrkesa \u00ebsht\u00eb firmosur nga deputet\u00ebt Ervin Salianji, Gazment Bardhi, Greda Bardeli, Saimir Korreshi, Enkelejd Alibeaj.<\/p>\n<p>K\u00ebshilli i Mandatit mblidhet ose me k\u00ebrkes\u00eb t\u00eb kryetares s\u00eb Kuvendit, n\u00eb rast anulimi thirret nga an\u00ebtar\u00ebt, sepse n\u00eb or\u00ebn 6 Prokuroria me t\u00eb drejt\u00eb pret p\u00ebrgjigjie nga Kuvendi i Shqip\u00ebris\u00eb.<\/p>\n<p>K\u00ebshtu kuvendi nuk b\u00ebhet penges\u00eb p\u00ebr hetimet, k\u00ebshtu tregohet detyrimi ligjor dhe q\u00eb drejt\u00ebsis\u00eb t\u00eb mos i vendoset shkopinj n\u00eb rrota. N\u00eb or\u00ebn 18 ne do jemi n\u00eb sall\u00eb p\u00ebr t\u00eb b\u00ebr\u00eb detyr\u00ebn ton\u00eb ndaj drejt\u00ebsis\u00eb.<\/p>","protected":false},"excerpt":{"rendered":"<p>Alibeaj: Nuk ishte e habitshme q\u00eb do anulohej mbledhja e K\u00ebshillit t\u00eb Mandateve. Nga ana jon\u00eb 5 deputet\u00eb t\u00eb opozit\u00ebs \u00ebsht\u00eb paraqitur nj\u00eb k\u00ebrkes\u00eb q\u00eb ka objekt p\u00ebr thirrjen e mbledhjes s\u00eb K\u00ebshillit. K\u00ebrkesa \u00ebsht\u00eb firmosur nga deputet\u00ebt Ervin Salianji, Gazment Bardhi, Greda Bardeli, Saimir Korreshi, Enkelejd Alibeaj. K\u00ebshilli i Mandatit mblidhet ose me k\u00ebrkes\u00eb [&hellip;]<\/p>\n","protected":false},"author":2030,"featured_media":247820,"comment_status":"closed","ping_status":"closed","sticky":false,"template":"","format":"standard","meta":{"footnotes":""},"categories":[241,3366,5380,231,1454],"tags":[],"class_list":{"0":"post-247819","1":"post","2":"type-post","3":"status-publish","4":"format-standard","5":"has-post-thumbnail","7":"category-aktualitet","8":"category-koment","9":"category-kryesore","10":"category-lajme","11":"category-politike"},"_links":{"self":[{"href":"https:\/\/zjarr.tv\/en\/wp-json\/wp\/v2\/posts\/247819","targetHints":{"allow":["GET"]}}],"collection":[{"href":"https:\/\/zjarr.tv\/en\/wp-json\/wp\/v2\/posts"}],"about":[{"href":"https:\/\/zjarr.tv\/en\/wp-json\/wp\/v2\/types\/post"}],"author":[{"embeddable":true,"href":"https:\/\/zjarr.tv\/en\/wp-json\/wp\/v2\/users\/2030"}],"replies":[{"embeddable":true,"href":"https:\/\/zjarr.tv\/en\/wp-json\/wp\/v2\/comments?post=247819"}],"version-history":[{"count":0,"href":"https:\/\/zjarr.tv\/en\/wp-json\/wp\/v2\/posts\/247819\/revisions"}],"wp:featuredmedia":[{"embeddable":true,"href":"https:\/\/zjarr.tv\/en\/wp-json\/wp\/v2\/media\/247820"}],"wp:attachment":[{"href":"https:\/\/zjarr.tv\/en\/wp-json\/wp\/v2\/media?parent=247819"}],"wp:term":[{"taxonomy":"category","embeddable":true,"href":"https:\/\/zjarr.tv\/en\/wp-json\/wp\/v2\/categories?post=247819"},{"taxonomy":"post_tag","embeddable":true,"href":"https:\/\/zjarr.tv\/en\/wp-json\/wp\/v2\/tags?post=247819"}],"curies":[{"name":"wp","href":"https:\/\/api.w.org\/{rel}","templated":true}]}}