{"id":247827,"date":"2022-03-30T18:25:47","date_gmt":"2022-03-30T16:25:47","guid":{"rendered":"https:\/\/zjarr.tv\/?p=247827"},"modified":"2022-03-30T18:25:47","modified_gmt":"2022-03-30T16:25:47","slug":"nuk-mjafton-vetem-koka-dhe-bllako-logu-te-hetohet-kryeministri-kishte-detyre-te-hetonte-ligjshmerine-e-akteve-te-firmosura-nga-vartesit","status":"publish","type":"post","link":"https:\/\/zjarr.tv\/en\/nuk-mjafton-vetem-koka-dhe-bllako-logu-te-hetohet-kryeministri-kishte-detyre-te-hetonte-ligjshmerine-e-akteve-te-firmosura-nga-vartesit\/","title":{"rendered":"\u201cNuk mjafton vet\u00ebm Koka dhe Bllako\u201d, Logu: T\u00eb hetohet kryeministri, kishte detyr\u00eb t\u00eb hetonte ligjshm\u00ebrin\u00eb e akteve t\u00eb firmosura nga vart\u00ebsit"},"content":{"rendered":"<p>P\u00ebrfaq\u00ebsuesi ligjor i PD-s\u00eb, Marash Logu ka dh\u00ebn\u00eb nj\u00eb deklarat\u00eb p\u00ebr mediat s\u00eb bashku me kryetarin e grupit parlamentar, Enkelejd Alibeajn lidhur me anullimin e mbledhjes s\u00eb K\u00ebshillit t\u00eb Mandateve.<\/p>\n<p>Logu tha se n\u00eb baz\u00eb t\u00eb hetimeve, duhet t\u00eb kryheshin procedura hetimore edhe ndaj kryeministrit Edi Rama pasi ishte detyra e k\u00ebtij t\u00eb fundit q\u00eb t\u00eb verifikonte ligjshm\u00ebrin\u00eb e akteve t\u00eb firmosura nga vart\u00ebsit e tij.<\/p>\n<p>Zyrtari i PD, Marash Logu: Nuk ngarkohet me p\u00ebrgjegj\u00ebsi vet\u00ebm Alqi Bllako por edhe ministri i Financave i cili duhet t\u00eb jet\u00eb gardiani i financave t\u00eb shtetit.<\/p>\n<p>Kryeministri ka pasur p\u00ebr detyr\u00eb t\u00eb kontrolloj\u00eb veprimtarin\u00eb e akteve q\u00eb kan\u00eb n\u00ebnshkruar vart\u00ebsit e tij. Marrja e hetimeve penale ndaj ish ministrit Koka dhe e Alqi Bllakos \u00ebsht\u00eb hap i mir\u00eb por i pamjaftuesh\u00ebm sepse duhet t\u00eb merreshin hetime edhe ndaj ministrit t\u00eb Financave, Arben Ahmentaj, kryeministrit Edi Rama dhe \u00cbngj\u00ebll Aga\u00e7it. Gjithashtu p\u00ebrgjegj\u00ebsia \u00ebsht\u00eb edhe m\u00eb e madhe nga ana e kryebashkiakut Armando Subashi i cili nuk ka marr\u00eb veprimet e duhura p\u00ebr t\u00eb kthyer mbrapsht vendimin e K\u00ebshillit t\u00eb Ministrave. D\u00ebmi i shkaktuar n\u00eb buxhetin e shtetit, vet\u00ebm nga k\u00ebto veprime, \u00ebsht\u00eb mbi 160 milion\u00eb lek\u00eb.<\/p>","protected":false},"excerpt":{"rendered":"<p>P\u00ebrfaq\u00ebsuesi ligjor i PD-s\u00eb, Marash Logu ka dh\u00ebn\u00eb nj\u00eb deklarat\u00eb p\u00ebr mediat s\u00eb bashku me kryetarin e grupit parlamentar, Enkelejd Alibeajn lidhur me anullimin e mbledhjes s\u00eb K\u00ebshillit t\u00eb Mandateve. Logu tha se n\u00eb baz\u00eb t\u00eb hetimeve, duhet t\u00eb kryheshin procedura hetimore edhe ndaj kryeministrit Edi Rama pasi ishte detyra e k\u00ebtij t\u00eb fundit q\u00eb [&hellip;]<\/p>\n","protected":false},"author":2030,"featured_media":247828,"comment_status":"closed","ping_status":"closed","sticky":false,"template":"","format":"standard","meta":{"footnotes":""},"categories":[241,3366,5380,231,1454],"tags":[],"class_list":{"0":"post-247827","1":"post","2":"type-post","3":"status-publish","4":"format-standard","5":"has-post-thumbnail","7":"category-aktualitet","8":"category-koment","9":"category-kryesore","10":"category-lajme","11":"category-politike"},"_links":{"self":[{"href":"https:\/\/zjarr.tv\/en\/wp-json\/wp\/v2\/posts\/247827","targetHints":{"allow":["GET"]}}],"collection":[{"href":"https:\/\/zjarr.tv\/en\/wp-json\/wp\/v2\/posts"}],"about":[{"href":"https:\/\/zjarr.tv\/en\/wp-json\/wp\/v2\/types\/post"}],"author":[{"embeddable":true,"href":"https:\/\/zjarr.tv\/en\/wp-json\/wp\/v2\/users\/2030"}],"replies":[{"embeddable":true,"href":"https:\/\/zjarr.tv\/en\/wp-json\/wp\/v2\/comments?post=247827"}],"version-history":[{"count":0,"href":"https:\/\/zjarr.tv\/en\/wp-json\/wp\/v2\/posts\/247827\/revisions"}],"wp:featuredmedia":[{"embeddable":true,"href":"https:\/\/zjarr.tv\/en\/wp-json\/wp\/v2\/media\/247828"}],"wp:attachment":[{"href":"https:\/\/zjarr.tv\/en\/wp-json\/wp\/v2\/media?parent=247827"}],"wp:term":[{"taxonomy":"category","embeddable":true,"href":"https:\/\/zjarr.tv\/en\/wp-json\/wp\/v2\/categories?post=247827"},{"taxonomy":"post_tag","embeddable":true,"href":"https:\/\/zjarr.tv\/en\/wp-json\/wp\/v2\/tags?post=247827"}],"curies":[{"name":"wp","href":"https:\/\/api.w.org\/{rel}","templated":true}]}}