{"id":247831,"date":"2022-03-30T18:32:12","date_gmt":"2022-03-30T16:32:12","guid":{"rendered":"https:\/\/zjarr.tv\/?p=247831"},"modified":"2022-03-30T18:32:12","modified_gmt":"2022-03-30T16:32:12","slug":"reagon-arben-kraja-pasi-alqi-bllako-dorezoi-mandatin-e-doreheqjes-ne-kuvend","status":"publish","type":"post","link":"https:\/\/zjarr.tv\/en\/reagon-arben-kraja-pasi-alqi-bllako-dorezoi-mandatin-e-doreheqjes-ne-kuvend\/","title":{"rendered":"Reagon Arben Kraja pasi Alqi Bllako dor\u00ebzoi mandatin e dor\u00ebheqjes n\u00eb Kuvend"},"content":{"rendered":"<p>Alqi Bllako ka dor\u00ebzuar sot, 30 mars mandatin e deputetit pasi Prokuroria e Posa\u00e7me ka k\u00ebrkuar arrestimin e tij. Drejtuesi i SPAK, Arben Kraja lidhur me k\u00ebt\u00eb \u00e7\u00ebshtje tha: Do presim njoftimin zyrtar nga kuvendi m\u00eb pas do veprojm\u00eb.<\/p>\n<p>Bllako nuk \u00ebsht\u00eb paraqitur fizikisht n\u00eb ambientet e Kuvendit dhe letr\u00ebn e ka dor\u00ebzuar me post\u00eb.<\/p>\n<p>Menj\u00ebher\u00eb pas dor\u00ebzimit t\u00eb letr\u00ebs, Kuvendi njoftoi SPAK-un se u anulua mbledhja e komisionit t\u00eb mandateve.<\/p>","protected":false},"excerpt":{"rendered":"<p>Alqi Bllako ka dor\u00ebzuar sot, 30 mars mandatin e deputetit pasi Prokuroria e Posa\u00e7me ka k\u00ebrkuar arrestimin e tij. Drejtuesi i SPAK, Arben Kraja lidhur me k\u00ebt\u00eb \u00e7\u00ebshtje tha: Do presim njoftimin zyrtar nga kuvendi m\u00eb pas do veprojm\u00eb. Bllako nuk \u00ebsht\u00eb paraqitur fizikisht n\u00eb ambientet e Kuvendit dhe letr\u00ebn e ka dor\u00ebzuar me post\u00eb. [&hellip;]<\/p>\n","protected":false},"author":2030,"featured_media":247756,"comment_status":"closed","ping_status":"closed","sticky":false,"template":"","format":"standard","meta":{"footnotes":""},"categories":[241,3366,5380,231],"tags":[],"class_list":{"0":"post-247831","1":"post","2":"type-post","3":"status-publish","4":"format-standard","5":"has-post-thumbnail","7":"category-aktualitet","8":"category-koment","9":"category-kryesore","10":"category-lajme"},"_links":{"self":[{"href":"https:\/\/zjarr.tv\/en\/wp-json\/wp\/v2\/posts\/247831","targetHints":{"allow":["GET"]}}],"collection":[{"href":"https:\/\/zjarr.tv\/en\/wp-json\/wp\/v2\/posts"}],"about":[{"href":"https:\/\/zjarr.tv\/en\/wp-json\/wp\/v2\/types\/post"}],"author":[{"embeddable":true,"href":"https:\/\/zjarr.tv\/en\/wp-json\/wp\/v2\/users\/2030"}],"replies":[{"embeddable":true,"href":"https:\/\/zjarr.tv\/en\/wp-json\/wp\/v2\/comments?post=247831"}],"version-history":[{"count":0,"href":"https:\/\/zjarr.tv\/en\/wp-json\/wp\/v2\/posts\/247831\/revisions"}],"wp:featuredmedia":[{"embeddable":true,"href":"https:\/\/zjarr.tv\/en\/wp-json\/wp\/v2\/media\/247756"}],"wp:attachment":[{"href":"https:\/\/zjarr.tv\/en\/wp-json\/wp\/v2\/media?parent=247831"}],"wp:term":[{"taxonomy":"category","embeddable":true,"href":"https:\/\/zjarr.tv\/en\/wp-json\/wp\/v2\/categories?post=247831"},{"taxonomy":"post_tag","embeddable":true,"href":"https:\/\/zjarr.tv\/en\/wp-json\/wp\/v2\/tags?post=247831"}],"curies":[{"name":"wp","href":"https:\/\/api.w.org\/{rel}","templated":true}]}}