{"id":247834,"date":"2022-03-30T18:34:33","date_gmt":"2022-03-30T16:34:33","guid":{"rendered":"https:\/\/zjarr.tv\/?p=247834"},"modified":"2022-03-30T18:34:33","modified_gmt":"2022-03-30T16:34:33","slug":"mbledhja-e-grupit-parlamentar-te-pd-floriana-garo-i-pergjigjet-alibeajt-besimi-i-demokrateve-ne-mandatin-e-berishes-u-konfirmua-me-6-mars","status":"publish","type":"post","link":"https:\/\/zjarr.tv\/en\/mbledhja-e-grupit-parlamentar-te-pd-floriana-garo-i-pergjigjet-alibeajt-besimi-i-demokrateve-ne-mandatin-e-berishes-u-konfirmua-me-6-mars\/","title":{"rendered":"Mbledhja e grupit parlamentar t\u00eb PD\/ Floriana Garo i p\u00ebrgjigjet Alibeajt: Besimi i demokrat\u00ebve n\u00eb mandatin e Berish\u00ebs u konfirmua m\u00eb 6 Mars"},"content":{"rendered":"<p>Floriana Garo i \u00ebsht\u00eb p\u00ebrgjigjur kryetarit t\u00eb komanduar t\u00eb Partis\u00eb Demokratike Enkelejd Alibeaj i cili ka njoftuar dit\u00ebn e nes\u00ebrme mbledhjen e grupit parlamentar t\u00eb PD, n\u00eb lidhje me pozicionin e Sali Berish\u00ebs.<\/p>\n<p>Garo shprehet se mandati i \u00e7do deputeti \u00ebsht\u00eb marr\u00eb m\u00eb 25 Prill nga votuesit e Partis\u00eb Demokratike. Ajo shton se besimi i demokrat\u00ebve n\u00eb mandatin e Berish\u00ebs \u00ebsht\u00eb konfirmuar n\u00eb 11 Dhjetor, 18 Dhjetor dhe me pas ne 6 Mars.<\/p>\n<p>Deklarata<\/p>\n<p>Mendimi, qendrimi dhe vullneti i grupit parlamentar u injorua dhe u perdhos diten kur per pezullimin antistatutor te Sali Berishes nga grupi parlamentar, vendosi nje individ duke mos pyetur fare as grupin parlamentar dhe asnje institucion tjeter te Partise Demokratike!<\/p>\n<p>Mandati i cdo deputeti te Partise Demokratike eshte marre ne dt 25 Prill nga votuesit e Partise Demokratike. Besimi i demokrateve ne mandatin e Sali Berishes u konfirmua ne 11 Dhjetor, 18 Dhjetor dhe me pas ne 6 Mars.<\/p>\n<p>Ata qe moren vendime duke shkelur statutin, pa pyetur keshillin kombetar e grupin parlamentar dhe kthyen PD per here te pare ne histori ne force te trete, sot nuk duhet te japin leksione dinjiteti por duhet te lexojne vullnetin e demokrateve te shprehur qarte me vote si e vetmja rruge per te ecur perpara! Ne demokraci respektohet mendimi i gjithsecilit por vendos shumica.<\/p>\n<p>Koha ku vota e demokrateve zevendesohej me urdhra dhe vullnete te liga ka marre fund! \u00c7do demokrate e demokrat duhet te ndahet nga ajo kohe! Demokratet kane folur me vote dhe te gjithe ne duhet te respektojme voten dhe vullnetin e tyre. Vetem te bashkuar do mund te ecim perpara dhe te fitojme!<\/p>\n<p>Floriana Garo,<\/p>\n<p>Drejtore e Komunikimit te Partise Demokratike<\/p>","protected":false},"excerpt":{"rendered":"<p>Floriana Garo i \u00ebsht\u00eb p\u00ebrgjigjur kryetarit t\u00eb komanduar t\u00eb Partis\u00eb Demokratike Enkelejd Alibeaj i cili ka njoftuar dit\u00ebn e nes\u00ebrme mbledhjen e grupit parlamentar t\u00eb PD, n\u00eb lidhje me pozicionin e Sali Berish\u00ebs. Garo shprehet se mandati i \u00e7do deputeti \u00ebsht\u00eb marr\u00eb m\u00eb 25 Prill nga votuesit e Partis\u00eb Demokratike. Ajo shton se besimi i [&hellip;]<\/p>\n","protected":false},"author":2030,"featured_media":247835,"comment_status":"closed","ping_status":"closed","sticky":false,"template":"","format":"standard","meta":{"footnotes":""},"categories":[241,3366,5380,231,1454],"tags":[],"class_list":{"0":"post-247834","1":"post","2":"type-post","3":"status-publish","4":"format-standard","5":"has-post-thumbnail","7":"category-aktualitet","8":"category-koment","9":"category-kryesore","10":"category-lajme","11":"category-politike"},"_links":{"self":[{"href":"https:\/\/zjarr.tv\/en\/wp-json\/wp\/v2\/posts\/247834","targetHints":{"allow":["GET"]}}],"collection":[{"href":"https:\/\/zjarr.tv\/en\/wp-json\/wp\/v2\/posts"}],"about":[{"href":"https:\/\/zjarr.tv\/en\/wp-json\/wp\/v2\/types\/post"}],"author":[{"embeddable":true,"href":"https:\/\/zjarr.tv\/en\/wp-json\/wp\/v2\/users\/2030"}],"replies":[{"embeddable":true,"href":"https:\/\/zjarr.tv\/en\/wp-json\/wp\/v2\/comments?post=247834"}],"version-history":[{"count":0,"href":"https:\/\/zjarr.tv\/en\/wp-json\/wp\/v2\/posts\/247834\/revisions"}],"wp:featuredmedia":[{"embeddable":true,"href":"https:\/\/zjarr.tv\/en\/wp-json\/wp\/v2\/media\/247835"}],"wp:attachment":[{"href":"https:\/\/zjarr.tv\/en\/wp-json\/wp\/v2\/media?parent=247834"}],"wp:term":[{"taxonomy":"category","embeddable":true,"href":"https:\/\/zjarr.tv\/en\/wp-json\/wp\/v2\/categories?post=247834"},{"taxonomy":"post_tag","embeddable":true,"href":"https:\/\/zjarr.tv\/en\/wp-json\/wp\/v2\/tags?post=247834"}],"curies":[{"name":"wp","href":"https:\/\/api.w.org\/{rel}","templated":true}]}}