{"id":248024,"date":"2022-03-31T17:14:31","date_gmt":"2022-03-31T15:14:31","guid":{"rendered":"https:\/\/zjarr.tv\/?p=248024"},"modified":"2022-03-31T17:14:31","modified_gmt":"2022-03-31T15:14:31","slug":"gjkko-merr-vendimin-per-ish-deputetin-alqi-bllako","status":"publish","type":"post","link":"https:\/\/zjarr.tv\/en\/gjkko-merr-vendimin-per-ish-deputetin-alqi-bllako\/","title":{"rendered":"GJKKO merr vendimin p\u00ebr ish-deputetin Alqi Bllako"},"content":{"rendered":"<p>Gjykata e Posa\u00e7me ka vendosur mas\u00ebn e siguris\u00eb \u201carrest me burg\u201d p\u00ebr ish-deputetin socialiste Alqi Bllako.<\/p>\n<p>Bllako akuzohet p\u00ebr \u201cshp\u00ebrdorim detyre\u201d gjat\u00eb koh\u00ebs q\u00eb mbante postin e k\u00ebshilltarit n\u00eb Ministrin\u00eb e Mjedisit. AI dor\u00ebzoi mandatin e deputetit dit\u00ebn e djeshme, duke i hapur rrug\u00ebn organeve t\u00eb drejt\u00ebsis\u00eb, teksa deklaroi se do ta provonte pafaj\u00ebsin\u00eb e tij para gjykat\u00ebs.<\/p>\n<p>Paraditen e sotme ai u shoq\u00ebrua n\u00eb polici, nd\u00ebrkoh\u00eb q\u00eb Gjykata vendosi mas\u00ebn e arrestit me burg.<\/p>","protected":false},"excerpt":{"rendered":"<p>Gjykata e Posa\u00e7me ka vendosur mas\u00ebn e siguris\u00eb \u201carrest me burg\u201d p\u00ebr ish-deputetin socialiste Alqi Bllako. Bllako akuzohet p\u00ebr \u201cshp\u00ebrdorim detyre\u201d gjat\u00eb koh\u00ebs q\u00eb mbante postin e k\u00ebshilltarit n\u00eb Ministrin\u00eb e Mjedisit. AI dor\u00ebzoi mandatin e deputetit dit\u00ebn e djeshme, duke i hapur rrug\u00ebn organeve t\u00eb drejt\u00ebsis\u00eb, teksa deklaroi se do ta provonte pafaj\u00ebsin\u00eb e [&hellip;]<\/p>\n","protected":false},"author":2031,"featured_media":196058,"comment_status":"closed","ping_status":"closed","sticky":false,"template":"","format":"standard","meta":{"footnotes":""},"categories":[231],"tags":[],"class_list":{"0":"post-248024","1":"post","2":"type-post","3":"status-publish","4":"format-standard","5":"has-post-thumbnail","7":"category-lajme"},"_links":{"self":[{"href":"https:\/\/zjarr.tv\/en\/wp-json\/wp\/v2\/posts\/248024","targetHints":{"allow":["GET"]}}],"collection":[{"href":"https:\/\/zjarr.tv\/en\/wp-json\/wp\/v2\/posts"}],"about":[{"href":"https:\/\/zjarr.tv\/en\/wp-json\/wp\/v2\/types\/post"}],"author":[{"embeddable":true,"href":"https:\/\/zjarr.tv\/en\/wp-json\/wp\/v2\/users\/2031"}],"replies":[{"embeddable":true,"href":"https:\/\/zjarr.tv\/en\/wp-json\/wp\/v2\/comments?post=248024"}],"version-history":[{"count":0,"href":"https:\/\/zjarr.tv\/en\/wp-json\/wp\/v2\/posts\/248024\/revisions"}],"wp:featuredmedia":[{"embeddable":true,"href":"https:\/\/zjarr.tv\/en\/wp-json\/wp\/v2\/media\/196058"}],"wp:attachment":[{"href":"https:\/\/zjarr.tv\/en\/wp-json\/wp\/v2\/media?parent=248024"}],"wp:term":[{"taxonomy":"category","embeddable":true,"href":"https:\/\/zjarr.tv\/en\/wp-json\/wp\/v2\/categories?post=248024"},{"taxonomy":"post_tag","embeddable":true,"href":"https:\/\/zjarr.tv\/en\/wp-json\/wp\/v2\/tags?post=248024"}],"curies":[{"name":"wp","href":"https:\/\/api.w.org\/{rel}","templated":true}]}}