{"id":248036,"date":"2022-03-31T17:48:19","date_gmt":"2022-03-31T15:48:19","guid":{"rendered":"https:\/\/zjarr.tv\/?p=248036"},"modified":"2022-03-31T17:48:19","modified_gmt":"2022-03-31T15:48:19","slug":"merret-vendimi-shkollat-dhe-administrata-do-te-zevendesojne-ditet-e-bera-pushim-ne-muajin-janar-dhe-mars","status":"publish","type":"post","link":"https:\/\/zjarr.tv\/en\/merret-vendimi-shkollat-dhe-administrata-do-te-zevendesojne-ditet-e-bera-pushim-ne-muajin-janar-dhe-mars\/","title":{"rendered":"Merret vendimi\/ Shkollat dhe administrata do t\u00eb z\u00ebvend\u00ebsojn\u00eb dit\u00ebt e b\u00ebra pushim n\u00eb muajin janar dhe mars"},"content":{"rendered":"<p>Ministria e Arsimit ka marr\u00eb vendimin p\u00ebr t\u00eb z\u00ebvend\u00ebsuar 4 dit\u00ebt e humbura p\u00ebrgjat\u00eb vitit shkollor.<\/p>\n<p>Sipas njoftimit, datat p\u00ebr z\u00ebvend\u00ebsimin e dit\u00ebve t\u00eb humbura t\u00eb m\u00ebsimit jan\u00eb: 2 prilli, 30 prilli, 14 maji dhe 28 maji.<\/p>\n<p>E gjitha kjo b\u00ebhet p\u00ebr t\u00eb z\u00ebvend\u00ebsuar dit\u00ebt e pushimit t\u00eb shkollave n\u00eb muajin janar p\u00ebr shkak t\u00eb motit t\u00eb keq, si dhe dit\u00ebn e 21 marsit, krahas 22 marsit e cila p\u00ebrkoi me Fest\u00ebn e Sulltan Novruzit.<\/p>\n<p>Gjithashtu \u00ebsht\u00eb vendosur nga ana e qeveris\u00eb q\u00eb e shtuna 2 prill t\u00eb jet\u00eb dit\u00eb pune, pasi do t\u00eb z\u00ebvend\u00ebsoj\u00eb dat\u00ebn 21 mars q\u00eb u b\u00eb pushim nga administrata.<\/p>\n<p>NJOFTIMI i PLOT\u00cb:<\/p>\n<p>Bashk\u00eblidhur gjeni shkres\u00ebn e DPAP-s\u00eb me nr.494 prot., dhe shkres\u00ebn e MAS me nr. 1989\/1 prot., ku miratohen datat e propozuara p\u00ebr z\u00ebvend\u00ebsimin e dit\u00ebve t\u00eb humbura t\u00eb m\u00ebsimit n\u00eb institucionet arsimore parauniversitare.<\/p>\n<p>Datat jan\u00eb:<\/p>\n<p>02.04.2022<\/p>\n<p>30.04.2022<\/p>\n<p>14.05.2022<\/p>\n<p>28.05.2022<\/p>","protected":false},"excerpt":{"rendered":"<p>Ministria e Arsimit ka marr\u00eb vendimin p\u00ebr t\u00eb z\u00ebvend\u00ebsuar 4 dit\u00ebt e humbura p\u00ebrgjat\u00eb vitit shkollor. Sipas njoftimit, datat p\u00ebr z\u00ebvend\u00ebsimin e dit\u00ebve t\u00eb humbura t\u00eb m\u00ebsimit jan\u00eb: 2 prilli, 30 prilli, 14 maji dhe 28 maji. E gjitha kjo b\u00ebhet p\u00ebr t\u00eb z\u00ebvend\u00ebsuar dit\u00ebt e pushimit t\u00eb shkollave n\u00eb muajin janar p\u00ebr shkak t\u00eb [&hellip;]<\/p>\n","protected":false},"author":2031,"featured_media":164508,"comment_status":"closed","ping_status":"closed","sticky":false,"template":"","format":"standard","meta":{"footnotes":""},"categories":[231],"tags":[],"class_list":{"0":"post-248036","1":"post","2":"type-post","3":"status-publish","4":"format-standard","5":"has-post-thumbnail","7":"category-lajme"},"_links":{"self":[{"href":"https:\/\/zjarr.tv\/en\/wp-json\/wp\/v2\/posts\/248036","targetHints":{"allow":["GET"]}}],"collection":[{"href":"https:\/\/zjarr.tv\/en\/wp-json\/wp\/v2\/posts"}],"about":[{"href":"https:\/\/zjarr.tv\/en\/wp-json\/wp\/v2\/types\/post"}],"author":[{"embeddable":true,"href":"https:\/\/zjarr.tv\/en\/wp-json\/wp\/v2\/users\/2031"}],"replies":[{"embeddable":true,"href":"https:\/\/zjarr.tv\/en\/wp-json\/wp\/v2\/comments?post=248036"}],"version-history":[{"count":0,"href":"https:\/\/zjarr.tv\/en\/wp-json\/wp\/v2\/posts\/248036\/revisions"}],"wp:featuredmedia":[{"embeddable":true,"href":"https:\/\/zjarr.tv\/en\/wp-json\/wp\/v2\/media\/164508"}],"wp:attachment":[{"href":"https:\/\/zjarr.tv\/en\/wp-json\/wp\/v2\/media?parent=248036"}],"wp:term":[{"taxonomy":"category","embeddable":true,"href":"https:\/\/zjarr.tv\/en\/wp-json\/wp\/v2\/categories?post=248036"},{"taxonomy":"post_tag","embeddable":true,"href":"https:\/\/zjarr.tv\/en\/wp-json\/wp\/v2\/tags?post=248036"}],"curies":[{"name":"wp","href":"https:\/\/api.w.org\/{rel}","templated":true}]}}