{"id":248291,"date":"2022-04-02T11:56:42","date_gmt":"2022-04-02T09:56:42","guid":{"rendered":"https:\/\/zjarr.tv\/?p=248291"},"modified":"2022-04-02T11:56:42","modified_gmt":"2022-04-02T09:56:42","slug":"larguam-gjobvenesit-nga-televizioni-manjani-reagon-ndaj-top-channel-fikini-aparaturat-kujt-i-duhet-nje-televizion-qe-gjobit-njerez-apo-bisnese","status":"publish","type":"post","link":"https:\/\/zjarr.tv\/en\/larguam-gjobvenesit-nga-televizioni-manjani-reagon-ndaj-top-channel-fikini-aparaturat-kujt-i-duhet-nje-televizion-qe-gjobit-njerez-apo-bisnese\/","title":{"rendered":"\u201cLarguam gjobv\u00ebn\u00ebsit nga televizioni\u201d, Manjani reagon ndaj Top Channel: Fikini aparaturat, kujt i duhet nj\u00eb televizion q\u00eb gjobit njer\u00ebz apo bisnese?!"},"content":{"rendered":"<p>Nga Ylli Manjani\/<\/p>\n<p>Skandaloz paska qen\u00eb ky q\u00ebndrimi editorial me t\u00eb cilin ka hapur lajmet e para dy dit\u00ebve Top Chanel.<\/p>\n<p>\u201cLarguam gjobv\u00ebn\u00ebsit nga televizioni\u201d paska qen\u00eb q\u00ebndrimi publik i televizionit komb\u00ebtar.<\/p>\n<p>Ua ua ua ua ua uaaaaa\u2026!<\/p>\n<p>E pabesueshme!<\/p>\n<p>Televizioni pranon se \u201cka v\u00ebn\u00eb gjoba\u201d!?<\/p>\n<p>Seriozisht?!<\/p>\n<p>Po fikini aparaturat pra!<\/p>\n<p>Kujt i duhet nj\u00eb televizion q\u00eb gjobit njer\u00ebz apo bisnese?!<\/p>\n<p>Kthejini publikut val\u00ebt q\u00eb i keni z\u00ebn\u00eb, sepse nuk e paskeni informuar por deformuar!<\/p>\n<p>Nuk ka llogjik\u00eb tjet\u00ebr kjo gj\u00eb. Televizioni thot\u00eb se u kam mashtruar o njer\u00ebz sepse ajo q\u00eb u kam ofruar ka qen\u00eb gjob\u00eb jo informacion.<\/p>\n<p>Mashtrimi \u00ebsht\u00eb vep\u00ebr penale. Mashtrimi ndaj publikut t\u00eb gjer\u00eb \u00ebsht\u00eb n\u00eb rrethana cil\u00ebsuese madje.<\/p>\n<p>Nga ana tjet\u00ebr, \u00e7far\u00eb besueshm\u00ebrie ka televizioni sot q\u00eb pretendon se duke larguar disa punonj\u00ebs, paska larguar gjobv\u00ebnien?! Pse mo punonj\u00ebsit e nj\u00eb televizioni b\u00ebn\u00eb gjoba p\u00ebr hesap t\u00eb vet?!<\/p>\n<p>Seriozisht e kan\u00eb k\u00ebta apo po tallen me njer\u00ebzit?!<\/p>\n<p>Pse tashm\u00eb televizioni, i nj\u00ebjti televizion, nuk do vendos\u00eb m\u00eb gjoba?! U ngop me t\u00eb ardhurat nga gjoba; po b\u00ebn autokrotik\u00eb apo si?!<\/p>\n<p>Si mund t\u00eb qaset nj\u00eb televizion komb\u00ebtar k\u00ebshtu ndaj publikut?<\/p>\n<p>Ky q\u00ebndrim vetdenoncues e publik i Top Channel \u00ebsht\u00eb prov\u00eb fatale se \u00e7far\u00eb mediash kemi.<\/p>\n<p>Personalisht kam vite q\u00eb nuk informohem e as ndjek as lajmet dhe as programet politike n\u00eb televizionet shqiptare. Informohem nga interneti dhe nga mediat e huaja. Kam rrefuzuar dhe vijoj t\u00eb refuzoj harxhimin e koh\u00ebs p\u00ebr t\u00eb par\u00eb TV n\u00eb shqip.<\/p>\n<p>Natyrisht i jam p\u00ebrgjigjur ftesave t\u00eb p\u00ebr t\u00eb dh\u00ebn\u00eb opinionin tim, i cili ka qen\u00eb dhe mbetet krejt i imi. Por besojeni ose jo, nuk e shoh t\u00eb emetuar n\u00eb televizion as opinionin tim nga sikleti q\u00eb m\u00eb vjen kur mendoj k\u00ebt\u00eb q\u00eb ka th\u00ebn\u00eb Top Channel.<\/p>\n<p>Kjo lloj medie p\u00ebr mua \u00ebsht\u00eb inceneruar (e djegur si mbetje) me koh\u00eb. Tani q\u00eb p\u00ebrdorin lek\u00ebt e mafies s\u00eb incenerimit \u00ebsht\u00eb m\u00eb dukshme\u2026<\/p>\n<p>K\u00ebshilla ime \u00ebsht\u00eb:<\/p>\n<p>Ndihmoni higjen\u00ebn mendore duke<\/p>","protected":false},"excerpt":{"rendered":"<p>Nga Ylli Manjani\/ Skandaloz paska qen\u00eb ky q\u00ebndrimi editorial me t\u00eb cilin ka hapur lajmet e para dy dit\u00ebve Top Chanel. \u201cLarguam gjobv\u00ebn\u00ebsit nga televizioni\u201d paska qen\u00eb q\u00ebndrimi publik i televizionit komb\u00ebtar. Ua ua ua ua ua uaaaaa\u2026! E pabesueshme! Televizioni pranon se \u201cka v\u00ebn\u00eb gjoba\u201d!? Seriozisht?! Po fikini aparaturat pra! Kujt i duhet nj\u00eb [&hellip;]<\/p>\n","protected":false},"author":2020,"featured_media":226527,"comment_status":"closed","ping_status":"closed","sticky":false,"template":"","format":"standard","meta":{"footnotes":""},"categories":[241,5380,231],"tags":[],"class_list":{"0":"post-248291","1":"post","2":"type-post","3":"status-publish","4":"format-standard","5":"has-post-thumbnail","7":"category-aktualitet","8":"category-kryesore","9":"category-lajme"},"_links":{"self":[{"href":"https:\/\/zjarr.tv\/en\/wp-json\/wp\/v2\/posts\/248291","targetHints":{"allow":["GET"]}}],"collection":[{"href":"https:\/\/zjarr.tv\/en\/wp-json\/wp\/v2\/posts"}],"about":[{"href":"https:\/\/zjarr.tv\/en\/wp-json\/wp\/v2\/types\/post"}],"author":[{"embeddable":true,"href":"https:\/\/zjarr.tv\/en\/wp-json\/wp\/v2\/users\/2020"}],"replies":[{"embeddable":true,"href":"https:\/\/zjarr.tv\/en\/wp-json\/wp\/v2\/comments?post=248291"}],"version-history":[{"count":0,"href":"https:\/\/zjarr.tv\/en\/wp-json\/wp\/v2\/posts\/248291\/revisions"}],"wp:featuredmedia":[{"embeddable":true,"href":"https:\/\/zjarr.tv\/en\/wp-json\/wp\/v2\/media\/226527"}],"wp:attachment":[{"href":"https:\/\/zjarr.tv\/en\/wp-json\/wp\/v2\/media?parent=248291"}],"wp:term":[{"taxonomy":"category","embeddable":true,"href":"https:\/\/zjarr.tv\/en\/wp-json\/wp\/v2\/categories?post=248291"},{"taxonomy":"post_tag","embeddable":true,"href":"https:\/\/zjarr.tv\/en\/wp-json\/wp\/v2\/tags?post=248291"}],"curies":[{"name":"wp","href":"https:\/\/api.w.org\/{rel}","templated":true}]}}