{"id":248294,"date":"2022-04-02T12:00:15","date_gmt":"2022-04-02T10:00:15","guid":{"rendered":"https:\/\/zjarr.tv\/?p=248294"},"modified":"2022-04-02T12:00:15","modified_gmt":"2022-04-02T10:00:15","slug":"do-behet-shef-i-nato-s-studiuesja-gjermane-tallet-me-ramen-ishte-shaka-per-1-prillin","status":"publish","type":"post","link":"https:\/\/zjarr.tv\/en\/do-behet-shef-i-nato-s-studiuesja-gjermane-tallet-me-ramen-ishte-shaka-per-1-prillin\/","title":{"rendered":"\u2018Do b\u00ebhet shef i NATO-s\u2019\/ Studiuesja gjermane tallet me Ram\u00ebn: Ishte shaka p\u00ebr 1 prillin"},"content":{"rendered":"<p>Nj\u00eb postim n\u00eb Twitter nga studiuesja shqiptaro-gjermane, Suzana Starikov, u shnd\u00ebrrua n\u00eb lajmin e dit\u00ebs n\u00eb Tiran\u00eb, nga disa media.<\/p>\n<p>Ajo shkroi se kryeministri shqiptar, Edi Rama, do marr\u00eb postin e Sekretarit t\u00eb P\u00ebrgjithsh\u00ebm t\u00eb NATO, duke pasuar n\u00eb k\u00ebt\u00eb detyr\u00eb Jens Stoltenberg.<\/p>\n<p>\u201cEdi Rama do t\u00eb pasoj\u00eb Jens Stoltenberg n\u00eb postin e Sekretarit t\u00eb P\u00ebrgjithsh\u00ebm t\u00eb NATO-s. N\u00eb ve\u00e7anti thuhet se SHBA-t\u00eb kan\u00eb insistuar n\u00eb zgjedhjen e Sekretarit t\u00eb P\u00ebrgjithsh\u00ebm t\u00eb ardhsh\u00ebm t\u00eb NATO-s mes an\u00ebtar\u00ebve t\u00eb rinj t\u00eb NATO-s. Kandidat\u00ebt ishin kryeministrja e Estonis\u00eb Kaja Kallas dhe Kryeministri i Shqip\u00ebris\u00eb Edi Rama. Kush do t\u00eb jet\u00eb kryeministri i radh\u00ebs i Shqip\u00ebris\u00eb?\u201d, shkroi ajo n\u00eb mesdit\u00eb.<\/p>\n<p>Mediat pran\u00eb qeveris\u00eb i b\u00ebn\u00eb jehojn\u00eb postimit t\u00eb saj, pa patur asnj\u00eb burim tjet\u00ebr p\u00ebr ta verifikuar.<\/p>\n<p>Statusi i saj p\u00ebrdoret nga portalet pran\u00eb Ram\u00ebs duke e shnd\u00ebrruar n\u00eb lajmin e dit\u00ebs.<\/p>\n<p>Pas k\u00ebsaj, nuk vonon shum\u00eb dhe vjen reagimi i Starikov, s\u00ebrish p\u00ebrmes Twitter.<\/p>\n<p>\u201cE gjitha ishte nj\u00eb shaka\u201d, shkruaj ajo, duke sqaruar se sot \u00ebsht\u00eb 1 prill, pra, dita e g\u00ebnjeshtrave.<\/p>\n<p>\u201cThjesht po tallesha, ishte shaka p\u00ebr 1 Prillin, asgj\u00eb m\u00eb shum\u00eb. M\u00eb vjen keq q\u00eb ju zhg\u00ebnjeva! Nuk k\u00ebrkoj falje pasi \u00ebsht\u00eb faji juaj q\u00eb publikoni lajme pa verifikuar fakte pa marr\u00eb parasysh dit\u00ebn e g\u00ebnjeshtar\u00ebve sot\u201d \u2013 shkruan ajo.<\/p>","protected":false},"excerpt":{"rendered":"<p>Nj\u00eb postim n\u00eb Twitter nga studiuesja shqiptaro-gjermane, Suzana Starikov, u shnd\u00ebrrua n\u00eb lajmin e dit\u00ebs n\u00eb Tiran\u00eb, nga disa media. Ajo shkroi se kryeministri shqiptar, Edi Rama, do marr\u00eb postin e Sekretarit t\u00eb P\u00ebrgjithsh\u00ebm t\u00eb NATO, duke pasuar n\u00eb k\u00ebt\u00eb detyr\u00eb Jens Stoltenberg. \u201cEdi Rama do t\u00eb pasoj\u00eb Jens Stoltenberg n\u00eb postin e Sekretarit t\u00eb [&hellip;]<\/p>\n","protected":false},"author":2020,"featured_media":248295,"comment_status":"closed","ping_status":"closed","sticky":false,"template":"","format":"standard","meta":{"footnotes":""},"categories":[241,5380,231],"tags":[],"class_list":{"0":"post-248294","1":"post","2":"type-post","3":"status-publish","4":"format-standard","5":"has-post-thumbnail","7":"category-aktualitet","8":"category-kryesore","9":"category-lajme"},"_links":{"self":[{"href":"https:\/\/zjarr.tv\/en\/wp-json\/wp\/v2\/posts\/248294","targetHints":{"allow":["GET"]}}],"collection":[{"href":"https:\/\/zjarr.tv\/en\/wp-json\/wp\/v2\/posts"}],"about":[{"href":"https:\/\/zjarr.tv\/en\/wp-json\/wp\/v2\/types\/post"}],"author":[{"embeddable":true,"href":"https:\/\/zjarr.tv\/en\/wp-json\/wp\/v2\/users\/2020"}],"replies":[{"embeddable":true,"href":"https:\/\/zjarr.tv\/en\/wp-json\/wp\/v2\/comments?post=248294"}],"version-history":[{"count":0,"href":"https:\/\/zjarr.tv\/en\/wp-json\/wp\/v2\/posts\/248294\/revisions"}],"wp:featuredmedia":[{"embeddable":true,"href":"https:\/\/zjarr.tv\/en\/wp-json\/wp\/v2\/media\/248295"}],"wp:attachment":[{"href":"https:\/\/zjarr.tv\/en\/wp-json\/wp\/v2\/media?parent=248294"}],"wp:term":[{"taxonomy":"category","embeddable":true,"href":"https:\/\/zjarr.tv\/en\/wp-json\/wp\/v2\/categories?post=248294"},{"taxonomy":"post_tag","embeddable":true,"href":"https:\/\/zjarr.tv\/en\/wp-json\/wp\/v2\/tags?post=248294"}],"curies":[{"name":"wp","href":"https:\/\/api.w.org\/{rel}","templated":true}]}}