{"id":248301,"date":"2022-04-02T12:09:31","date_gmt":"2022-04-02T10:09:31","guid":{"rendered":"https:\/\/zjarr.tv\/?p=248301"},"modified":"2022-04-02T12:09:31","modified_gmt":"2022-04-02T10:09:31","slug":"presidenti-meta-kujton-2-prillin-sakrifica-e-4-martireve-shkodrane-na-udheheq-per-rivendosjen-e-vendit-ne-shinat-e-demokracise","status":"publish","type":"post","link":"https:\/\/zjarr.tv\/en\/presidenti-meta-kujton-2-prillin-sakrifica-e-4-martireve-shkodrane-na-udheheq-per-rivendosjen-e-vendit-ne-shinat-e-demokracise\/","title":{"rendered":"Presidenti Meta kujton 2 prillin: Sakrifica e 4 martir\u00ebve shkodran\u00eb na udh\u00ebheq p\u00ebr rivendosjen e vendit n\u00eb shinat e demokracis\u00eb"},"content":{"rendered":"<p>Presidenti Ilir Meta ka kujtuar sot n\u00ebp\u00ebrmjet nj\u00eb postimi 2 prillin e vitit 1991 ku n\u00eb protestat antikomuniste n\u00eb Shkod\u00ebr u vran\u00eb 4 t\u00eb rinj Arben Broci, Bujar Bishanaku, Nazmi Kryeziu e Besnik Ceka:<\/p>\n<p>\u201cNderojm\u00eb sot me p\u00ebrulje kujtimin e paharruar t\u00eb kat\u00ebr Martir\u00ebve t\u00eb Demokracis\u00eb, Arben Broci, Bujar Bishanaku, Nazmi Kryeziu e Besnik Ceka, t\u00eb vrar\u00eb pabesisht, m\u00eb 2 prill 1991, n\u00eb mbrojtje t\u00eb demokracis\u00eb dhe t\u00eb zgjedhjeve t\u00eb lira.<\/p>\n<p>Sakrifica e tyre sublime dhe e Shkodr\u00ebs anti-komuniste na udh\u00ebheq gjithmon\u00eb n\u00eb betejat p\u00ebr mbrojtjen e pluralizmit politik, t\u00eb vot\u00ebs s\u00eb lir\u00eb e t\u00eb barabart\u00eb dhe t\u00eb dinjitetit njer\u00ebzor t\u00eb \u00e7do qytetari, p\u00ebr t\u00eb rivendosur vendin plot\u00ebsisht n\u00eb shinat e demokracis\u00eb dhe garantuar t\u00eb ardhmen europiane t\u00eb Shqip\u00ebris\u00eb.<\/p>\n<p>Shkodra ka qen\u00eb dhe do t\u00eb jet\u00eb frym\u00ebzimi i p\u00ebrpjekjeve p\u00ebr Liri dhe Demokraci!<\/p>\n<p>Lavdi p\u00ebrjet\u00eb D\u00ebshmor\u00ebve t\u00eb 2 Prillit!<\/p>\n<p>LIRI, DEMOKRACI DHE DINJITET KOMB\u00cbTAR!\u201d, shkruan Meta.<\/p>","protected":false},"excerpt":{"rendered":"<p>Presidenti Ilir Meta ka kujtuar sot n\u00ebp\u00ebrmjet nj\u00eb postimi 2 prillin e vitit 1991 ku n\u00eb protestat antikomuniste n\u00eb Shkod\u00ebr u vran\u00eb 4 t\u00eb rinj Arben Broci, Bujar Bishanaku, Nazmi Kryeziu e Besnik Ceka: \u201cNderojm\u00eb sot me p\u00ebrulje kujtimin e paharruar t\u00eb kat\u00ebr Martir\u00ebve t\u00eb Demokracis\u00eb, Arben Broci, Bujar Bishanaku, Nazmi Kryeziu e Besnik Ceka, [&hellip;]<\/p>\n","protected":false},"author":2020,"featured_media":248302,"comment_status":"closed","ping_status":"closed","sticky":false,"template":"","format":"standard","meta":{"footnotes":""},"categories":[241,5380,231],"tags":[],"class_list":{"0":"post-248301","1":"post","2":"type-post","3":"status-publish","4":"format-standard","5":"has-post-thumbnail","7":"category-aktualitet","8":"category-kryesore","9":"category-lajme"},"_links":{"self":[{"href":"https:\/\/zjarr.tv\/en\/wp-json\/wp\/v2\/posts\/248301","targetHints":{"allow":["GET"]}}],"collection":[{"href":"https:\/\/zjarr.tv\/en\/wp-json\/wp\/v2\/posts"}],"about":[{"href":"https:\/\/zjarr.tv\/en\/wp-json\/wp\/v2\/types\/post"}],"author":[{"embeddable":true,"href":"https:\/\/zjarr.tv\/en\/wp-json\/wp\/v2\/users\/2020"}],"replies":[{"embeddable":true,"href":"https:\/\/zjarr.tv\/en\/wp-json\/wp\/v2\/comments?post=248301"}],"version-history":[{"count":0,"href":"https:\/\/zjarr.tv\/en\/wp-json\/wp\/v2\/posts\/248301\/revisions"}],"wp:featuredmedia":[{"embeddable":true,"href":"https:\/\/zjarr.tv\/en\/wp-json\/wp\/v2\/media\/248302"}],"wp:attachment":[{"href":"https:\/\/zjarr.tv\/en\/wp-json\/wp\/v2\/media?parent=248301"}],"wp:term":[{"taxonomy":"category","embeddable":true,"href":"https:\/\/zjarr.tv\/en\/wp-json\/wp\/v2\/categories?post=248301"},{"taxonomy":"post_tag","embeddable":true,"href":"https:\/\/zjarr.tv\/en\/wp-json\/wp\/v2\/tags?post=248301"}],"curies":[{"name":"wp","href":"https:\/\/api.w.org\/{rel}","templated":true}]}}