{"id":248304,"date":"2022-04-02T12:18:42","date_gmt":"2022-04-02T10:18:42","guid":{"rendered":"https:\/\/zjarr.tv\/?p=248304"},"modified":"2022-04-02T12:18:42","modified_gmt":"2022-04-02T10:18:42","slug":"e-diela-e-pare-e-cdo-muaji-pa-makina-cilat-jane-rruget-qe-do-te-bllokohen-neser-ne-tirane","status":"publish","type":"post","link":"https:\/\/zjarr.tv\/en\/e-diela-e-pare-e-cdo-muaji-pa-makina-cilat-jane-rruget-qe-do-te-bllokohen-neser-ne-tirane\/","title":{"rendered":"E diela e par\u00eb e \u00e7do muaji pa makina\/ Cilat jan\u00eb rrug\u00ebt q\u00eb do t\u00eb bllokohen nes\u00ebr n\u00eb Tiran\u00eb"},"content":{"rendered":"<p>Dita e nes\u00ebrme do t\u00eb jet\u00eb pa makina, n\u00eb t\u00eb gjitha qytetet e vendit, n\u00eb kuad\u00ebr t\u00eb nism\u00ebs s\u00eb qeveris\u00eb jo vet\u00ebm p\u00ebr t\u00eb kurseyer karburantin, por edhe p\u00ebr t\u00eb mbajtur past\u00ebr mjedisin.<\/p>\n<p>N\u00eb Tiran\u00eb dhe n\u00eb qytete t\u00eb tjera t\u00eb vendit, rrug\u00ebt do t\u00eb bllokohen nga ora 09:00-15:00.<\/p>\n<p>Kufizimet n\u00eb Tiran\u00eb p\u00ebrfshijn\u00eb k\u00ebto akse:<\/p>\n<p>Rrug\u00ebt ku do t\u00eb kufizohet qarkullimi i mjeteve n\u00eb Tiran\u00eb jan\u00eb:<\/p>\n<p>Bulevardi \u201cD\u00ebshmor\u00ebt e Kombit\u201d nga Ministria e Brendshme deri n\u00eb fillim t\u00eb \u201cIsh- Hotel Dajti\u201d.<\/p>\n<p>Bulevardi \u201cD\u00ebshmor\u00ebt e Kombit\u201d nga Ura e \u201cish Hotel Dajtit\u201d deri n\u00eb kryq\u00ebzimin me rrug\u00ebn \u201cIsmail Qemali\u201d.<\/p>\n<p>Segmenti i rrug\u00ebs \u201cMyslym Shyri\u201d nga kryq\u00ebzimi i Gjykat\u00ebs s\u00eb Lart\u00eb me drejtim dalje n\u00eb Bulevardin \u201cD\u00ebshmor\u00ebt e Kombit\u201d.<\/p>\n<ol start=\"2\">\n<li>Qarkullimi i automjeteve, mjeteve t\u00eb emergjenc\u00ebs dhe Policis\u00eb s\u00eb Shtetit do t\u00eb b\u00ebhet sipas planit t\u00eb l\u00ebvizjes m\u00eb posht\u00eb:<\/li>\n<\/ol>\n<p>Mjetet e emergjenc\u00ebs, Policis\u00eb s\u00eb Shtetit, Sh\u00ebrbimit Publik Urban Qytetas dhe Taxi 4+1 do t\u00eb jet\u00eb i mundur p\u00ebr gjat\u00eb gjith\u00eb koh\u00ebs n\u00eb segmentet e p\u00ebr<\/p>\n<p>P\u00ebr t\u00eb gjith\u00eb automjetet e tjera aksesi do t\u00eb jet\u00eb n\u00eb rrug\u00ebt Ibrahim Rugova, Blv. Zhan D\u2019Ark. Blv.Bajram Curri dhc George.W.Bush. Qarkullimi n\u00eb kryq\u00ebzimin e rrug\u00ebs \u201cMyslym Shyri\u201d me rrug\u00ebn \u201cIbrahim Rugova\u201d do t\u00eb jet\u00eb i detyruar djathtas.<\/p>","protected":false},"excerpt":{"rendered":"<p>Dita e nes\u00ebrme do t\u00eb jet\u00eb pa makina, n\u00eb t\u00eb gjitha qytetet e vendit, n\u00eb kuad\u00ebr t\u00eb nism\u00ebs s\u00eb qeveris\u00eb jo vet\u00ebm p\u00ebr t\u00eb kurseyer karburantin, por edhe p\u00ebr t\u00eb mbajtur past\u00ebr mjedisin. N\u00eb Tiran\u00eb dhe n\u00eb qytete t\u00eb tjera t\u00eb vendit, rrug\u00ebt do t\u00eb bllokohen nga ora 09:00-15:00. Kufizimet n\u00eb Tiran\u00eb p\u00ebrfshijn\u00eb k\u00ebto akse: [&hellip;]<\/p>\n","protected":false},"author":2020,"featured_media":248305,"comment_status":"closed","ping_status":"closed","sticky":false,"template":"","format":"standard","meta":{"footnotes":""},"categories":[241,5380,231],"tags":[],"class_list":{"0":"post-248304","1":"post","2":"type-post","3":"status-publish","4":"format-standard","5":"has-post-thumbnail","7":"category-aktualitet","8":"category-kryesore","9":"category-lajme"},"_links":{"self":[{"href":"https:\/\/zjarr.tv\/en\/wp-json\/wp\/v2\/posts\/248304","targetHints":{"allow":["GET"]}}],"collection":[{"href":"https:\/\/zjarr.tv\/en\/wp-json\/wp\/v2\/posts"}],"about":[{"href":"https:\/\/zjarr.tv\/en\/wp-json\/wp\/v2\/types\/post"}],"author":[{"embeddable":true,"href":"https:\/\/zjarr.tv\/en\/wp-json\/wp\/v2\/users\/2020"}],"replies":[{"embeddable":true,"href":"https:\/\/zjarr.tv\/en\/wp-json\/wp\/v2\/comments?post=248304"}],"version-history":[{"count":0,"href":"https:\/\/zjarr.tv\/en\/wp-json\/wp\/v2\/posts\/248304\/revisions"}],"wp:featuredmedia":[{"embeddable":true,"href":"https:\/\/zjarr.tv\/en\/wp-json\/wp\/v2\/media\/248305"}],"wp:attachment":[{"href":"https:\/\/zjarr.tv\/en\/wp-json\/wp\/v2\/media?parent=248304"}],"wp:term":[{"taxonomy":"category","embeddable":true,"href":"https:\/\/zjarr.tv\/en\/wp-json\/wp\/v2\/categories?post=248304"},{"taxonomy":"post_tag","embeddable":true,"href":"https:\/\/zjarr.tv\/en\/wp-json\/wp\/v2\/tags?post=248304"}],"curies":[{"name":"wp","href":"https:\/\/api.w.org\/{rel}","templated":true}]}}