{"id":248310,"date":"2022-04-02T12:40:19","date_gmt":"2022-04-02T10:40:19","guid":{"rendered":"https:\/\/zjarr.tv\/?p=248310"},"modified":"2022-04-02T12:40:19","modified_gmt":"2022-04-02T10:40:19","slug":"ekskluzive-paniku-nga-gripi-i-shpendeve-pa-logjike-flasin-ekspertet-shkencerisht-eshte-vertetuar-qe-nuk-perben-rrezik-per-shendetin-publik","status":"publish","type":"post","link":"https:\/\/zjarr.tv\/en\/ekskluzive-paniku-nga-gripi-i-shpendeve-pa-logjike-flasin-ekspertet-shkencerisht-eshte-vertetuar-qe-nuk-perben-rrezik-per-shendetin-publik\/","title":{"rendered":"EKSKLUZIVE\/ \u201cPaniku nga gripi i shpend\u00ebve? Pa logjik\u00eb!\u201d Flasin ekspert\u00ebt: Shkenc\u00ebrisht \u00ebsht\u00eb v\u00ebrtetuar q\u00eb nuk p\u00ebrb\u00ebn rrezik p\u00ebr sh\u00ebndetin publik"},"content":{"rendered":"<p>Nisur nga situata e krijuar n\u00eb vend, lidhur me girpin e shpend\u00ebve dhe panikun q\u00eb ka kapur qytetar\u00ebt nga frika se mos gripi i shpend\u00ebve transmetohet tek njer\u00ebzit n\u00ebp\u00ebrmjet konsumimit t\u00eb mishit t\u00eb pul\u00ebs apo dhe t\u00eb n\u00ebnprodukteve t\u00eb saj, t\u00eb ftuar n\u00eb emisionin &#8216;Shkruaje n\u00eb Akull&#8217; n\u00eb Zjarr Televizion mbr\u00ebmjen e djeshme ishin Edmond Mara Drejtor i Shoqat\u00ebs Shpendrrit\u00ebs dhe Dritan La\u00e7i profesor i Mjek\u00ebsis\u00eb Veterinare.<\/p>\n<div class=\"youtube-embed\" data-video_id=\"b-Vaq-ofPzw\"><iframe loading=\"lazy\" title=\"SHKRUAJE NE AKULL 01.04.2022 PJESA 2\" width=\"696\" height=\"392\" src=\"https:\/\/www.youtube.com\/embed\/b-Vaq-ofPzw?feature=oembed&#038;enablejsapi=1\" frameborder=\"0\" allow=\"accelerometer; autoplay; clipboard-write; encrypted-media; gyroscope; picture-in-picture\" allowfullscreen><\/iframe><\/div>\n<p>Pjes\u00eb nga intervista:<\/p>\n<p>***<\/p>\n<p>I pyetur p\u00ebr t\u00eb siguruar konsumatorin n\u00ebse mund t\u00eb han\u00eb mish pule, profesori i Mjek\u00ebsis\u00eb Veterinare Dritan La\u00e7i tha se: <em>Un\u00eb deri m\u00eb sot dhe besoj dhe n\u00eb t\u00eb ardhmen do vazhdoj t\u00eb ha si\u00e7 kam ngr\u00ebn\u00eb m\u00eb par\u00ebmish pule, vez\u00eb dhe gjith\u00e7ka q\u00eb ka t\u00eb b\u00ebj me shpendarin\u00eb pasi deri m\u00eb sot asgj\u00eb nuk \u00ebsht\u00eb v\u00ebrtetuar q\u00eb krijon problem p\u00ebr sh\u00ebndetin e njer\u00ebzve. P\u00ebr aq koh\u00eb q\u00eb ky \u00ebsht\u00eb nj\u00eb problem q\u00eb ngelet vet\u00ebm n\u00eb sh\u00ebndetin e shpend\u00ebve dhe nuk kalon n\u00eb sh\u00ebndetin e njer\u00ebzve, kjo nuk p\u00ebrb\u00ebn asnj\u00eb lloj problem p\u00ebr ne. P\u00ebr aq koh\u00eb sa dhe un\u00eb vet\u00eb n\u00eb familjen time konsumoj mish pule por dhe vez\u00eb, besoj se kjo \u00ebsht\u00eb arsyeja m\u00eb e forte, arsyeja m\u00eb bind\u00ebse p\u00ebr t\u00eb kuptuar gjithkush q\u00eb kjo nuk p\u00ebrb\u00ebn rrezik p\u00ebr sh\u00ebndetin publik. <\/em><\/p>\n<p><em>Ku ka z\u00eb, s\u2019\u00ebsht\u00eb pa gj\u00eb thot\u00eb populli\u2026 <\/em><\/p>\n<p><strong>Dritan La\u00e7i<\/strong><em>: E r\u00ebnd\u00ebsishme \u00ebsht\u00eb t\u00eb kuptojm\u00eb nga vjen z\u00ebri \u2026<\/em><\/p>\n<p><strong>Edmond Mara:<\/strong> <em>T\u00eb jesh i sigurt\u00eb q\u00eb \u00ebsht\u00eb pa gj\u00eb.. ( qesh) sepse n\u00eb rradh\u00eb t\u00eb par\u00eb tek ato q\u00eb un\u00eb p\u00ebrfaq\u00ebsoj stabiliment edhe fermer\u00ebt t\u00eb cil\u00ebt sip\u00ebrmarr\u00ebsit t\u00eb cil\u00ebt kan\u00eb investuar miliona euro p\u00ebr kt\u00eb biznes, jan\u00eb t\u00eb par\u00ebt t\u00eb interesuar q\u00eb t\u00eb jen\u00eb t\u00eb pastra dhe mos t\u00eb bjer\u00eb gripi n\u00eb shpend\u00eb, sepse po i ra gripi ato humbasin miliona e miliona.<\/em><\/p>\n<p><em>Pyetje: Po sikur t\u2019ju bjer\u00eb gripi \u00e7far\u00eb ju b\u00ebn pulave?<\/em><\/p>\n<p><strong>Edmond Mara: <\/strong><em>Ngordhin t\u00eb gjitha menj\u00ebher\u00eb<\/em><strong> ..<\/strong><\/p>\n<p><strong>Dritan La\u00e7i<\/strong><em>: Edhe pulat si \u00e7do gj\u00eb e gjall\u00eb kan\u00eb s\u00ebmundjet e tyre, kan\u00eb problemet e tyre por kjo nuk n\u00ebnkupton , nuk do t\u00eb thot\u00eb q\u00eb s\u00ebmundjet e shpend\u00ebve jan\u00eb edhe s\u00ebmundjet e njer\u00ebzve. Ka s\u00ebmundje q\u00eb jan\u00eb vet\u00ebm te shpend\u00ebt, si \u00e7do gj\u00eb e gjall\u00eb por po flasim p\u00ebr problem t\u00eb cilat ngelin te specia, p\u00ebr ate shpend\u00ebt n\u00eb kt\u00eb rast dhe nuk kan\u00eb t\u00eb b\u00ebjn\u00eb fare me sh\u00ebndetin e njeriut. K\u00ebshtu q\u00eb p\u00ebr aq koh\u00eb sa nuk prekemi nga s\u00ebmundjet e shpend\u00ebve ne nuk kemi pse t\u00eb nd\u00ebrpresim konsumin p\u00ebrkundrazi ne duhet t<\/em><em>\u00eb vazhdojm\u00eb t\u00eb konsumojm\u00eb pasi nuk kemi t\u00eb b\u00ebjm\u00eb vet\u00ebm me nj\u00eb shije t\u00eb caktuar por kemi t\u00eb b\u00ebjm\u00eb dhe me vlera ushqimore me nj\u00eb protein\u00eb q\u00eb \u00ebsht\u00eb e domosdoshme p\u00ebr jet\u00ebn ton\u00eb, p\u00ebr aktivitetin ton\u00eb ndaj ne nuk duhet q\u00eb ta c\u00ebnojm\u00eb pik\u00ebrisht kt\u00eb aspekt t\u00eb ushqyerit. <\/em><\/p>\n<p><strong>***<\/strong><\/p>\n<p><strong>Dritan La\u00e7i<\/strong><em>: Ka s\u00ebmundje\u00a0 q\u00eb kalojn\u00eb nga kafsh\u00ebt apo specie t\u00eb caktuara te njer\u00ebzit n\u00eb rastin konkret ato s\u00ebmundje quhen zoonoza, por t\u00eb gjith\u00eb duhet t\u00eb jemi t\u00eb bindur dhe t\u00eb sigurt n\u00eb dhjetra e gati qindra vjet q\u00eb ne njohim kt\u00eb s\u00ebmundje te shpend\u00ebt deri n\u00eb dit\u00ebt q\u00eb flasim nuk \u00ebsht\u00eb v\u00ebrtetuar, nuk \u00ebsht\u00eb identifikuar rast q\u00eb kjo s\u00ebmundje t\u00eb kaloj\u00eb deri te njer\u00ebzit. <\/em><\/p>\n<p><strong>Edmond Mara: .. <\/strong><em>pastaj un\u00eb dua t\u00eb diferencoj<\/em><strong>\u00a0 <\/strong><em>di\u00e7ka tjet\u00ebr q\u00eb flasim p\u00ebr nj\u00eb aspekt kur pula \u00ebsht\u00eb e gjall\u00eb dhe jo n\u00eb kontakt me t<\/em><em>\u00eb, \u00ebsht\u00eb tjet\u00ebr aspekt dhe tjet\u00ebr \u00ebsht\u00eb kur gatuhet . N\u00eb momentin q\u00eb gatuhet dhe kalon temperaturat mbi 70-80 grad\u00eb at\u00ebher\u00eb nuk ka virus ose baktere q\u00eb mbijeton. <\/em><\/p>\n<p><strong>Dritan La\u00e7i<\/strong><em>: Edhe me shpen\u00ebt e gjall\u00eb nuk \u00ebsht\u00eb se ka problem, ka mjaft sot staf njer\u00ebz q\u00eb punojn\u00eb n\u00eb shpendari q\u00eb g\u00ebzojn\u00eb sh\u00ebndet, nuk ka patur asnj\u00eb rast. Mund t\u00eb theksojm\u00eb q\u00eb sot n\u00eb Europ\u00eb ka jo vet\u00ebm n\u00eb Shqip\u00ebri por dhe n\u00eb vendet e tjera t\u00eb Europ\u00ebs rasti q\u00eb \u00ebsht<\/em><em>\u00eb identifikuar, \u00ebsht\u00eb raportuar prezenca e gripit t\u00eb shpend\u00ebve dhe atje ka stafe, njer\u00ebz q\u00eb punojn\u00eb, nuk infektohen por gjithsesi ne marrim ato masat e kujdesit normal, kujdesit higjenik normal, dhe ne n\u00eb jet\u00ebn e p\u00ebrditshmemishin e pul\u00ebs me grip shpend\u00ebsh apo jo ne prap e gatuajm\u00eb, ne prap e ham\u00eb, prap e trajtojm\u00eb termikisht, prap i lajm\u00eb duart pra kemi nj\u00eb higjen\u00eb normale. Thjesht ne duhet t\u00eb kemi m\u00eb pak v\u00ebmendje p\u00ebr mask\u00eb sigurie por deri m\u00eb sot nuk \u00ebsht\u00eb v\u00ebrtetuar q\u00eb kjo s\u00ebmundje t\u00eb kaloj te njer\u00ebzit por personalisht un\u00eb e konsumoj pa asnj\u00eb lloj problem.<\/em><\/p>\n<p><strong>***<\/strong><\/p>\n<p><strong>Edmond Mara: <\/strong><em>Nj\u00eb gj<\/em><em>\u00eb tjet\u00ebr e r\u00ebnd\u00ebsishme q\u00eb un\u00eb dua t\u00eb theksoj \u00ebsht\u00eb edhe si u p\u00ebrhap kjo propaganda se si u b\u00eb ky panik, kjo zhurrm\u00eb. E para mediet un\u00eb habitem si kan\u00eb heq dor\u00eb fare nga ato \u00e7ensurat t\u00eb pakt\u00ebn, nuk kemi m\u00eb \u00e7ensura, kemi shum\u00eb\u00a0 pak por ama duhet \u2026e dyta p\u00ebr njer\u00ebzit q\u00eb ftojn\u00eb n\u00ebp\u00ebr emisione q\u00eb jan\u00eb si puna e historis\u00eb \u2018 ti Halim s\u2019di k\u00ebndim jam i nisur p\u00ebr arsim..\u2019 del nj\u00eb aty q\u00eb s\u2019 \u00ebsht\u00eb fare i\u00a0 sektorit, nuk \u00ebsht\u00eb fare i pun\u00ebs del edhe thot\u00eb mos hani pula p\u00ebr dy muaj\u2026 <\/em><\/p>\n<p><em>Pyetje: Marketet jan\u00eb boshatisur nga pulat. Pse s\u2019kan\u00eb marketet pula?<\/em><\/p>\n<p><strong>Edmond Mara: <\/strong><em>Marketet e kan\u00eb bllokuar p\u00ebr momentin p\u00ebr arsye se ka r\u00ebn\u00eb konsumi, jan\u00eb trembur njer\u00ebzit, jan\u00eb trembur konsumator\u00ebt<\/em><strong> \u00a0<\/strong><em>dhe i kan\u00eb pezulluar.. a nis q\u00eb AKU dhe agjensit\u00eb e tjera veterinare t\u00eb gjitha q\u00eb t\u00eb b\u00ebjn\u00eb kontrolle por dhe ne kemi autokontrolle se jemi t\u00eb interesuar p\u00ebr at\u00eb q\u00eb nxjerrim.<\/em><\/p>\n<p><em>Pyetje: Si t\u00eb bindim nj\u00eb konsumator q\u00eb t\u00eb konsumoj pul\u00eb pa merak ? <\/em><\/p>\n<p><strong>Dritan La\u00e7i<\/strong><em>: Nj\u00eb konsumator t\u00eb thjesht\u00eb ,,\u00ebsht\u00eb\u00a0 konsumatori duhet ta kuptoj\u00eb n\u00eb momentin q<\/em><em>\u00eb do filloj\u00eb t\u00eb konsumoj pulat n\u00eb kto dit\u00eb, do e kuptoj q\u00eb jan\u00eb shum\u00eb t\u00eb shijshme, shum\u00eb t\u00eb mira nj\u00eblloj si\u00e7 kan\u00eb qen\u00eb m\u00eb par\u00eb dhe do kuptoj q\u00eb ka humbur koh\u00ebn kot kto dit\u00eb, kto jav\u00eb pa konsumuar produkte pule , e para, e dyta .. do t\u00eb ket\u00eb m\u00eb shum\u00eb besim tek ekspert\u00ebt e fush\u00ebs p\u00ebr aq koh\u00eb sa ne themi q\u00eb nuk ka rrezik, p\u00ebr aq koh\u00eb sa ne themi q\u00eb konsumojm\u00eb n\u00eb familjet tona, p\u00ebr aq koh\u00eb sa ne themi q\u00eb konsumojn\u00eb f\u00ebmij\u00ebt tan\u00eb, familjet tona, p\u00ebr aq koh\u00eb sat hemi q\u00eb kemi t\u00eb b\u00ebjm\u00eb me nj\u00eb virus q\u00eb \u00ebsht\u00eb vet\u00ebm te shpend\u00ebt dhe tjetra, ne si profesionist\u00eb t\u00eb fush\u00ebs e njohim kt\u00eb s\u00ebmundje, e dallojm\u00eb kt\u00eb s\u00ebmundje, e izolojm\u00eb kt\u00eb s\u00ebmundje dhe kjo s\u00ebmundje ngelet vet\u00ebm brenda port\u00ebs s\u00eb nj\u00eb nd\u00ebrmarrje apo stabilimenti apo nj\u00eb ferme t\u00eb caktuar . Kur themi q\u00eb kjo shkenc\u00ebrisht \u00ebsht\u00eb v\u00ebrtetuar\u00a0 q\u00eb nuk p\u00ebrb\u00ebn rrezik p\u00ebr sh\u00ebndetin publik dhe kur ne vet ekspert\u00ebt e fush\u00ebs e konsumojm\u00eb n\u00eb familjet tona \u00e7far\u00eb k\u00ebrkojn\u00eb m\u00eb tep\u00ebr. <\/em><\/p>\n<p><em>Pyetje: Sa persona kan\u00eb nd\u00ebrruar jet\u00eb nga kjo s\u00ebmundje?<\/em><\/p>\n<p><strong>Edmond Mara: <\/strong><em>Deri tani asnj\u00eb \u2026<\/em><\/p>\n<p><strong>*** <\/strong><\/p>\n<p><strong>Edmond Mara<em>: \u2026 <\/em><\/strong><em>ajo q\u00eb desha t\u00eb shtoj un\u00eb \u00ebsht\u00eb q\u00eb kjo histori nuk \u00ebsht\u00eb sot dhe ndodhi menj\u00ebher\u00eb, ne e kemi kaluar n\u00eb 2006 dhe nuk ndodhi asgj\u00eb, ishte gjith ajo epidemi at\u00ebhere\u2026 vitin q\u00eb kaloi ishte p\u00ebrs\u00ebri gjith\u00eb Greqia tani kaloi Italia n\u00eb Janar,\u00a0 kaloi Franca n\u00eb Dhjetor , u asgj\u00ebsuan aty ku ra, u eliminuan dhe nuk pati asnj\u00eb problem,asnj\u00ebgj\u00eb.<\/em><\/p>\n<p><em>Pyetje: N\u00eb sa koh\u00eb b\u00ebhen kontrollet veterinare?<\/em><\/p>\n<p><strong>Dritan La\u00e7i<\/strong><em>: Kontrollet veterinare jan\u00eb kontrolle periodike, ka dy kontrolle veterinare \u00ebsht\u00eb ai i veteriner\u00ebve t\u00eb fermave apo t\u00eb shpendarive, realizojn\u00eb n\u00eb m\u00ebnyr\u00eb periodike, pavar\u00ebsisht se shpend\u00ebt jan\u00eb t\u00eb sh\u00ebndetsh\u00ebm ata marrin mostra, i analizojn\u00eb n\u00eb m\u00ebnyr\u00eb periodike\u00a0 p\u00ebr t\u00eb garantuar statusin sh\u00ebndet\u00ebsor t\u00eb ferm\u00ebs pra q\u00eb t\u00eb garantoj\u00eb q\u00eb ska probleme \u2026 ajo \u00e7ka duhet t\u00eb ken\u00eb t\u00eb gjith\u00eb t\u00eb qart\u00eb \u00ebsht\u00eb fakti q\u00eb ky \u00ebsht\u00eb nj\u00eb problem q\u00eb ekziston brenda n\u00eb ferm\u00eb pra \u00ebsht\u00eb p\u00ebr sh\u00ebndetin e shpend\u00ebve, nuk ka t\u00eb b\u00ebj me sh\u00ebndetin e njer\u00ebzve fare dhe\u00a0 m\u00eb s\u00eb shumti zhurma q\u00eb kjo si s\u00ebmundje pra influenc aviare b\u00ebn n\u00eb njer\u00ebz ose jasht\u00eb Shqip\u00ebrie \u00ebsht\u00eb problem ekonomik jo problem sh\u00ebndet\u00ebsor. Dhe kjo duhet t\u00eb jet\u00eb e mir\u00ebdalluar. <\/em><\/p>","protected":false},"excerpt":{"rendered":"<p>Nisur nga situata e krijuar n\u00eb vend, lidhur me girpin e shpend\u00ebve dhe panikun q\u00eb ka kapur qytetar\u00ebt nga frika se mos gripi i shpend\u00ebve transmetohet tek njer\u00ebzit n\u00ebp\u00ebrmjet konsumimit t\u00eb mishit t\u00eb pul\u00ebs apo dhe t\u00eb n\u00ebnprodukteve t\u00eb saj, t\u00eb ftuar n\u00eb emisionin &#8216;Shkruaje n\u00eb Akull&#8217; n\u00eb Zjarr Televizion mbr\u00ebmjen e djeshme ishin Edmond [&hellip;]<\/p>\n","protected":false},"author":2030,"featured_media":248317,"comment_status":"closed","ping_status":"closed","sticky":false,"template":"","format":"standard","meta":{"footnotes":""},"categories":[241,5380,200,1],"tags":[],"class_list":{"0":"post-248310","1":"post","2":"type-post","3":"status-publish","4":"format-standard","5":"has-post-thumbnail","7":"category-aktualitet","8":"category-kryesore","9":"category-shkruaje-ne-akull","10":"category-uncategorized-sq"},"_links":{"self":[{"href":"https:\/\/zjarr.tv\/en\/wp-json\/wp\/v2\/posts\/248310","targetHints":{"allow":["GET"]}}],"collection":[{"href":"https:\/\/zjarr.tv\/en\/wp-json\/wp\/v2\/posts"}],"about":[{"href":"https:\/\/zjarr.tv\/en\/wp-json\/wp\/v2\/types\/post"}],"author":[{"embeddable":true,"href":"https:\/\/zjarr.tv\/en\/wp-json\/wp\/v2\/users\/2030"}],"replies":[{"embeddable":true,"href":"https:\/\/zjarr.tv\/en\/wp-json\/wp\/v2\/comments?post=248310"}],"version-history":[{"count":0,"href":"https:\/\/zjarr.tv\/en\/wp-json\/wp\/v2\/posts\/248310\/revisions"}],"wp:featuredmedia":[{"embeddable":true,"href":"https:\/\/zjarr.tv\/en\/wp-json\/wp\/v2\/media\/248317"}],"wp:attachment":[{"href":"https:\/\/zjarr.tv\/en\/wp-json\/wp\/v2\/media?parent=248310"}],"wp:term":[{"taxonomy":"category","embeddable":true,"href":"https:\/\/zjarr.tv\/en\/wp-json\/wp\/v2\/categories?post=248310"},{"taxonomy":"post_tag","embeddable":true,"href":"https:\/\/zjarr.tv\/en\/wp-json\/wp\/v2\/tags?post=248310"}],"curies":[{"name":"wp","href":"https:\/\/api.w.org\/{rel}","templated":true}]}}