{"id":248313,"date":"2022-04-02T12:36:50","date_gmt":"2022-04-02T10:36:50","guid":{"rendered":"https:\/\/zjarr.tv\/?p=248313"},"modified":"2022-04-02T12:36:50","modified_gmt":"2022-04-02T10:36:50","slug":"basha-president-harxhi-nuk-merrem-me-shaka-te-tilla-megjithe-respektin-qe-kam-per-alibeajn-qe-vjen-dhe-nga-shtresa-e-te-persekutuarve","status":"publish","type":"post","link":"https:\/\/zjarr.tv\/en\/basha-president-harxhi-nuk-merrem-me-shaka-te-tilla-megjithe-respektin-qe-kam-per-alibeajn-qe-vjen-dhe-nga-shtresa-e-te-persekutuarve\/","title":{"rendered":"Basha president? Harxhi: Nuk merrem me shaka t\u00eb tilla, megjith\u00eb respektin q\u00eb kam p\u00ebr Alibeajn, q\u00eb vjen dhe nga shtresa e t\u00eb persekutuarve\u2026"},"content":{"rendered":"<p>An\u00ebtarja e Komisionit t\u00eb Rithemelimit Edith Harxhi, ka dh\u00ebn\u00eb sot nj\u00eb deklarat\u00eb p\u00ebr mediat nga Kor\u00e7a, ku ka folur n\u00eb lidhje me zhvillimet brenda PD-s\u00eb. Harxhi tha se vota \u00ebsht\u00eb ajo q\u00eb duhet t\u00eb vendos\u00eb fituesit, dhe \u00e7dokush ka t\u00eb drejt\u00eb q\u00eb t\u00eb jet\u00eb pjes\u00eb e gar\u00ebs.<\/p>\n<p>Sipas Harxhit, riorganizimi i brendsh\u00ebm i PD do t\u00eb duhet q\u00eb t\u00eb b\u00ebhet p\u00ebrpara gar\u00ebs s\u00eb vitit t\u00eb ardhsh\u00ebm p\u00ebr zgjedhjet lokale, ku mobilizimi duhet t\u00eb jet\u00eb i lart\u00eb.<\/p>\n<p>\u201cVota \u00ebsht\u00eb ajo q\u00eb do t\u00eb vendos\u00eb n\u00eb fund fare fituesit por ne t\u00eb gjith\u00eb do t\u00eb jemi fitues p\u00ebr arsye sepse fituesi nuk do t\u00eb jet\u00eb m\u00eb n\u00eb baz\u00eb t\u00eb statutit ton\u00eb, vet\u00ebm nj\u00eb individ, por do t\u00eb jet\u00eb e gjith\u00eb an\u00ebtar\u00ebsia e PD dega Kor\u00e7\u00eb.<\/p>\n<p>Ky riorganizim natyrisht i prin organizimit t\u00eb ardhsh\u00ebm q\u00eb do t\u00eb kemi pas disa muajsh p\u00ebr p\u00ebrgatitjen e primareve p\u00ebr kandidat p\u00ebr kryetar t\u00eb bashkis\u00eb s\u00eb Kor\u00e7\u00ebs. Natyrisht do t\u00eb jet\u00eb nj\u00eb organizim i cili do t\u00eb vlej\u00eb edhe p\u00ebr zgjedhjet e ardhshme.<\/p>\n<p>P\u00ebr k\u00ebt\u00eb arsye angazhimi i \u00e7do an\u00ebtari t\u00eb deg\u00ebs Kor\u00e7\u00eb dhe bashkimi i an\u00ebtar\u00ebsis\u00eb pran\u00eb komisionit t\u00eb rithemelimit do t\u00eb isht\u00eb ajo \u00e7far\u00eb duhej t\u00eb b\u00ebhej p\u00ebr t\u00eb b\u00ebr\u00eb t\u00eb mundur nj\u00eb fitore t\u00eb partis\u00eb demokratike s\u00eb shpejti. E theksoi bashkimi dhe vota jan\u00eb dy \u00e7\u00ebshtjet kryesore p\u00ebr t\u00eb cilat partia demokratike do nderohet n\u00eb t\u00eb ardhmen\u201d, tha Harxhi.<\/p>\n<p>Demokratja ftoi q\u00eb \u00e7dokush t\u00eb b\u00ebhet pjes\u00eb e gar\u00ebs p\u00ebr kreun e PD-s\u00eb n\u00eb Kor\u00e7\u00eb, nd\u00ebrkoh\u00eb q\u00eb deri tani nuk jan\u00eb paraqitur kandidatura.<\/p>\n<p>\u201cDeri tani nuk kemi asnj\u00eb kandidat zyrtar p\u00ebr postin e kryetarit n\u00eb deg\u00ebn e Kor\u00e7\u00ebs dhe un\u00eb ftoj t\u00eb gjith\u00eb an\u00ebtar\u00ebsin\u00eb t\u00eb gjith\u00eb ata q\u00eb p\u00ebrmbushin kriteret q\u00eb jan\u00eb vendosur p\u00ebr kandidimin q\u00eb t\u00eb b\u00ebhen pjes\u00eb e k\u00ebtij procesi.<\/p>\n<p>Pra nj\u00eb an\u00ebtar nj\u00eb vot\u00eb, votimi i gjith\u00eb an\u00ebtar\u00ebsis\u00eb n\u00eb m\u00ebnyr\u00eb transparente dhe t\u00eb past\u00ebr do t\u00eb jet\u00eb ajo q\u00eb do t\u00eb p\u00ebrcaktoj\u00eb fituesin. Deri tani nuk ka pasur kandidat\u00eb ka pasur vet\u00ebm fjal\u00eb dhe un nuk do t\u00eb doja t\u00eb bazohesha tek fjal\u00ebt e vogla q\u00eb jan\u00eb shum\u00eb t\u00eb bukura p\u00ebr Kor\u00e7\u00ebn.<\/p>\n<p>Me k\u00ebt\u00eb rast d\u00ebshiroj t\u00eb b\u00ebj nj\u00eb apel kund\u00ebrshtar\u00ebve politik\u00eb n\u00eb Kor\u00e7\u00eb dhe tju them q\u00eb PD-ja po kthehet fuqish\u00ebm dhe t\u00eb masin forcat me ne s\u00eb shpejti\u201c, u shpreh Harxhi.<\/p>\n<p>Nd\u00ebrkoh\u00eb sa i takon Bash\u00ebs, ajo tha se dera e PD do t\u00eb jet\u00eb e hapur p\u00ebr k\u00ebdo, qoft\u00eb edhe p\u00ebr t\u00eb larguarit.<\/p>\n<p>\u201cLulzim Basha \u00ebsht\u00eb i dor\u00ebhequr pavar\u00ebsisht se ishte i shkarkuar m\u00eb par\u00eb me Kuvendin e dat\u00ebs 11 dhjetor dhe me vot\u00ebn e an\u00ebtar\u00ebsis\u00eb dhe me vot\u00ebn e qytetar\u00ebve shqiptar\u00eb n\u00eb dat\u00ebn 6 mars t\u00eb cil\u00ebt provuan se kush ishte forca e v\u00ebrtet\u00eb opozitare n\u00eb vend.<\/p>\n<p>Un\u00eb nuk kam asnj\u00eb dilem\u00eb q\u00eb Basha do t\u00eb jet\u00eb pjes\u00eb e an\u00ebtar\u00ebsis\u00eb nqse d\u00ebshiron t\u00eb jet\u00eb, dera \u00ebsht\u00eb e hapur p\u00ebr \u00e7do k\u00ebnd. P\u00ebr deputet\u00ebt, kan\u00eb filluar bisedimet, kan\u00eb hyr\u00eb n\u00ebp\u00ebr panelet tona n\u00eb grupet tona t\u00eb pun\u00ebs dhe jan\u00eb n\u00eb \u00e7do rast t\u00eb ftuar sepse jan\u00eb nj\u00eb trup legjitime e zgjedhur nga vota e shqiptar\u00ebve.<\/p>\n<p>Bashkimi vjen vet\u00ebm n\u00ebp\u00ebrmjet vot\u00ebs. Dhe n\u00eb asnj\u00eb m\u00ebnyr\u00eb nuk vjen n\u00ebp\u00ebrmjet p\u00ebr\u00e7arjes. Dhe kjo vot\u00eb, ky bashkim b\u00ebhet i mundur n\u00ebp\u00ebrmjet frym\u00ebs q\u00eb u krijua nga foltoret. Fati \u00ebsht\u00eb zgjedhje personale kush d\u00ebshiron t\u00eb jet\u00eb pjes\u00eb e k\u00ebtij procesi mund t\u00eb jet\u00eb kush nuk ka d\u00ebshir\u00eb e zgjedh vet\u00eb fatin e tij.<\/p>\n<p>Nga info q\u00eb un\u00eb kam mbledhjet e grupit parlamentar do t\u00eb vazhdojn\u00eb po nj\u00ebsoj, bashkimi i an\u00ebtar\u00ebsis\u00eb nuk mund t\u00eb p\u00ebr\u00e7ahet nga nj\u00eb, dy tre individ\u00eb\u201d, tha Harxhi, nd\u00ebrkoh\u00eb q\u00eb u pyet nga gazetar\u00ebt n\u00eb lidhje me z\u00ebrat se Lulzim Basha mund t\u00eb jet\u00eb kandidat p\u00ebr president t\u00eb vendit.<\/p>\n<p>\u201cKomisioni i rithemelimit nuk ka diskutuar asnj\u00eb kandidatur\u00eb dhe aq m\u00eb tep\u00ebr kandidatur\u00ebn e Luzim Bash\u00ebs nuk e mendoj q\u00eb \u00ebsht\u00eb nj\u00eb objekt diskutimi p\u00ebr komisioni, objekti i vet\u00ebm i diskutimit \u00ebsht\u00eb vet\u00ebm riorganizimi dhe zgjedhjet e t\u00eb gjitha strukturave dhe kuvendi i dat\u00ebs 30 prill ku do t\u00eb dal\u00eb k\u00ebshilli i ri kombetar, kryesia e re e PD dhe gjith\u00eb forumet e tjera. Sa i p\u00ebrket kandidatur\u00ebs s\u00eb Lulzim Bash\u00ebs p\u00ebr president un\u00eb preferoj t\u00eb mos merrem me shaka t\u00eb tilla\u201d, ishte p\u00ebrgjigja e Harxhit.<\/p>\n<p>Sa i takon kushtit t\u00eb Enkelejd Alibeaj, p\u00ebr negociata dhe bashkim me kushtin q\u00eb Berisha t\u00eb mos jet\u00eb pjes\u00eb e gar\u00ebs p\u00ebr kreun e PD, Harxhi dha k\u00ebt\u00eb p\u00ebrgjigje:<\/p>\n<p>Nuk ka negociata, un\u00eb me gjith\u00eb respektin q\u00eb kam p\u00ebr zotin Alibeaj q\u00eb un e njof shum\u00eb her\u00ebt n\u00eb PD, mendoj q\u00eb zoti Alibeaj vet\u00eb duke q\u00ebn\u00eb se vjen nga nj\u00eb shtres\u00eb t\u00eb persekutuarisht n\u00eb Shqip\u00ebri, mendoj q\u00eb ai duhet ta kuptoj\u00eb shum\u00eb mir\u00eb q\u00eb liria dhe vota e lir\u00eb jan\u00eb ato q\u00eb p\u00ebrcaktojn\u00eb n\u00eb \u00e7do moment t\u00eb ardhmen e nj\u00eb institucioni politik, institucion kushtetues si\u00e7 \u00ebsht\u00eb dhe partia demokratike n\u00eb k\u00ebt\u00eb rast dhe partia e par\u00eb antikomuniste n\u00eb Shqip\u00ebri.<\/p>\n<p>Mendoj q\u00eb nuk mund t\u00eb ket\u00eb asnj\u00eb lloj bashkimi dhe asnj\u00eb lloj negociate me kushte. Demokrat\u00ebt i kan\u00eb mbyllur kushtet p\u00ebrfundimisht, kan\u00eb 9 vjet q\u00eb punojn\u00eb me kushte dhe k\u00ebto kushte nuk vlejn\u00eb m\u00eb.<\/p>","protected":false},"excerpt":{"rendered":"<p>An\u00ebtarja e Komisionit t\u00eb Rithemelimit Edith Harxhi, ka dh\u00ebn\u00eb sot nj\u00eb deklarat\u00eb p\u00ebr mediat nga Kor\u00e7a, ku ka folur n\u00eb lidhje me zhvillimet brenda PD-s\u00eb. Harxhi tha se vota \u00ebsht\u00eb ajo q\u00eb duhet t\u00eb vendos\u00eb fituesit, dhe \u00e7dokush ka t\u00eb drejt\u00eb q\u00eb t\u00eb jet\u00eb pjes\u00eb e gar\u00ebs. Sipas Harxhit, riorganizimi i brendsh\u00ebm i PD do [&hellip;]<\/p>\n","protected":false},"author":2020,"featured_media":248314,"comment_status":"closed","ping_status":"closed","sticky":false,"template":"","format":"standard","meta":{"footnotes":""},"categories":[241,5380,231],"tags":[],"class_list":{"0":"post-248313","1":"post","2":"type-post","3":"status-publish","4":"format-standard","5":"has-post-thumbnail","7":"category-aktualitet","8":"category-kryesore","9":"category-lajme"},"_links":{"self":[{"href":"https:\/\/zjarr.tv\/en\/wp-json\/wp\/v2\/posts\/248313","targetHints":{"allow":["GET"]}}],"collection":[{"href":"https:\/\/zjarr.tv\/en\/wp-json\/wp\/v2\/posts"}],"about":[{"href":"https:\/\/zjarr.tv\/en\/wp-json\/wp\/v2\/types\/post"}],"author":[{"embeddable":true,"href":"https:\/\/zjarr.tv\/en\/wp-json\/wp\/v2\/users\/2020"}],"replies":[{"embeddable":true,"href":"https:\/\/zjarr.tv\/en\/wp-json\/wp\/v2\/comments?post=248313"}],"version-history":[{"count":0,"href":"https:\/\/zjarr.tv\/en\/wp-json\/wp\/v2\/posts\/248313\/revisions"}],"wp:featuredmedia":[{"embeddable":true,"href":"https:\/\/zjarr.tv\/en\/wp-json\/wp\/v2\/media\/248314"}],"wp:attachment":[{"href":"https:\/\/zjarr.tv\/en\/wp-json\/wp\/v2\/media?parent=248313"}],"wp:term":[{"taxonomy":"category","embeddable":true,"href":"https:\/\/zjarr.tv\/en\/wp-json\/wp\/v2\/categories?post=248313"},{"taxonomy":"post_tag","embeddable":true,"href":"https:\/\/zjarr.tv\/en\/wp-json\/wp\/v2\/tags?post=248313"}],"curies":[{"name":"wp","href":"https:\/\/api.w.org\/{rel}","templated":true}]}}