{"id":248323,"date":"2022-04-02T13:00:43","date_gmt":"2022-04-02T11:00:43","guid":{"rendered":"https:\/\/zjarr.tv\/?p=248323"},"modified":"2022-04-02T13:00:43","modified_gmt":"2022-04-02T11:00:43","slug":"u-ndertua-pas-termetit-kopshti-ne-kamez-fiton-cmimin-nderkombetar-nje-nga-ndertesat-mesimore-me-te-bukura-ne-europe","status":"publish","type":"post","link":"https:\/\/zjarr.tv\/en\/u-ndertua-pas-termetit-kopshti-ne-kamez-fiton-cmimin-nderkombetar-nje-nga-ndertesat-mesimore-me-te-bukura-ne-europe\/","title":{"rendered":"U nd\u00ebrtua pas t\u00ebrmetit, kopshti n\u00eb Kam\u00ebz fiton \u00e7mimin nd\u00ebrkomb\u00ebtar: Nj\u00eb nga nd\u00ebrtesat m\u00ebsimore m\u00eb t\u00eb bukura n\u00eb Europ\u00eb"},"content":{"rendered":"<p>Kryeministri i vendit Edi Rama, ka shp\u00ebrndar\u00eb mesdit\u00ebn e sotme lajmin p\u00ebr vler\u00ebsimin e nj\u00eb prej kopshteve t\u00eb nd\u00ebrtuara gjat\u00eb procesit t\u00eb Rind\u00ebrtimit.<\/p>\n<p><em>\u201cLidhja e Prizrenit\u201d n\u00eb Kam\u00ebz, \u00ebsht\u00eb vler\u00ebsuar me \u00e7mimin nd\u00ebrkomb\u00ebtar t\u00eb arkitektur\u00ebs \u201cBigSEE ARCHITECTURE AWARD 2021\u201d<\/em>.<\/p>\n<p><em>\u201cDuke u cil\u00ebsuar si nj\u00eb nga nd\u00ebrtesat bashk\u00ebkohore m\u00ebsimore m\u00eb t\u00eb bukura t\u00eb nd\u00ebrtuara n\u00eb Europ\u00eb vitin e shkuar, n\u00eb p\u00ebrshtatje me k\u00ebrkesat dhe d\u00ebshirat e f\u00ebmij\u00ebve, kopshti i Ri i Rind\u00ebrtimit, \u201cLidhja e Prizrenit\u201d n\u00eb Kam\u00ebz\u2013aty ku deri dje kishte vet\u00ebm nd\u00ebrtime pa leje, balt\u00eb e dy gishta lart \u2013 ka fituar \u00e7mimin nd\u00ebrkomb\u00ebtar t\u00eb arkitektur\u00ebs: \u201cBigSEE ARCHITECTURE AWARD 2021\u201d,<\/em>\u00a0shkruan Rama.<\/p>\n<p><img loading=\"lazy\" decoding=\"async\" class=\"alignnone size-medium wp-image-248324\" src=\"https:\/\/zjarr.tv\/wp-content\/uploads\/2022\/04\/03-300x277.png\" alt=\"\" width=\"300\" height=\"277\" srcset=\"https:\/\/zjarr.tv\/wp-content\/uploads\/2022\/04\/03-300x277.png 300w, https:\/\/zjarr.tv\/wp-content\/uploads\/2022\/04\/03.png 351w\" sizes=\"auto, (max-width: 300px) 100vw, 300px\" \/><\/p>","protected":false},"excerpt":{"rendered":"<p>Kryeministri i vendit Edi Rama, ka shp\u00ebrndar\u00eb mesdit\u00ebn e sotme lajmin p\u00ebr vler\u00ebsimin e nj\u00eb prej kopshteve t\u00eb nd\u00ebrtuara gjat\u00eb procesit t\u00eb Rind\u00ebrtimit. \u201cLidhja e Prizrenit\u201d n\u00eb Kam\u00ebz, \u00ebsht\u00eb vler\u00ebsuar me \u00e7mimin nd\u00ebrkomb\u00ebtar t\u00eb arkitektur\u00ebs \u201cBigSEE ARCHITECTURE AWARD 2021\u201d. \u201cDuke u cil\u00ebsuar si nj\u00eb nga nd\u00ebrtesat bashk\u00ebkohore m\u00ebsimore m\u00eb t\u00eb bukura t\u00eb nd\u00ebrtuara n\u00eb Europ\u00eb [&hellip;]<\/p>\n","protected":false},"author":2020,"featured_media":248325,"comment_status":"closed","ping_status":"closed","sticky":false,"template":"","format":"standard","meta":{"footnotes":""},"categories":[241,5380,231],"tags":[],"class_list":{"0":"post-248323","1":"post","2":"type-post","3":"status-publish","4":"format-standard","5":"has-post-thumbnail","7":"category-aktualitet","8":"category-kryesore","9":"category-lajme"},"_links":{"self":[{"href":"https:\/\/zjarr.tv\/en\/wp-json\/wp\/v2\/posts\/248323","targetHints":{"allow":["GET"]}}],"collection":[{"href":"https:\/\/zjarr.tv\/en\/wp-json\/wp\/v2\/posts"}],"about":[{"href":"https:\/\/zjarr.tv\/en\/wp-json\/wp\/v2\/types\/post"}],"author":[{"embeddable":true,"href":"https:\/\/zjarr.tv\/en\/wp-json\/wp\/v2\/users\/2020"}],"replies":[{"embeddable":true,"href":"https:\/\/zjarr.tv\/en\/wp-json\/wp\/v2\/comments?post=248323"}],"version-history":[{"count":0,"href":"https:\/\/zjarr.tv\/en\/wp-json\/wp\/v2\/posts\/248323\/revisions"}],"wp:featuredmedia":[{"embeddable":true,"href":"https:\/\/zjarr.tv\/en\/wp-json\/wp\/v2\/media\/248325"}],"wp:attachment":[{"href":"https:\/\/zjarr.tv\/en\/wp-json\/wp\/v2\/media?parent=248323"}],"wp:term":[{"taxonomy":"category","embeddable":true,"href":"https:\/\/zjarr.tv\/en\/wp-json\/wp\/v2\/categories?post=248323"},{"taxonomy":"post_tag","embeddable":true,"href":"https:\/\/zjarr.tv\/en\/wp-json\/wp\/v2\/tags?post=248323"}],"curies":[{"name":"wp","href":"https:\/\/api.w.org\/{rel}","templated":true}]}}