{"id":248327,"date":"2022-04-02T13:17:32","date_gmt":"2022-04-02T11:17:32","guid":{"rendered":"https:\/\/zjarr.tv\/?p=248327"},"modified":"2022-04-02T13:17:32","modified_gmt":"2022-04-02T11:17:32","slug":"alqi-bllako-nuk-prodhoi-akte-percolli-vetem-ato-te-keshillit-te-ministrave-avokati-azizaj-gjuan-larg-gjykata-nuk-njeh-proceduren-administrative","status":"publish","type":"post","link":"https:\/\/zjarr.tv\/en\/alqi-bllako-nuk-prodhoi-akte-percolli-vetem-ato-te-keshillit-te-ministrave-avokati-azizaj-gjuan-larg-gjykata-nuk-njeh-proceduren-administrative\/","title":{"rendered":"\u201cAlqi Bllako nuk prodhoi akte, p\u00ebrcolli vet\u00ebm ato t\u00eb K\u00ebshillit t\u00eb Ministrave\u201d, avokati Azizaj \u2018gjuan larg\u2019: Gjykata nuk njeh procedur\u00ebn administrative"},"content":{"rendered":"<p>Ish-deputeti socialist Alqi Bllako \u00ebsht\u00eb v\u00ebn\u00eb n\u00eb mas\u00ebn \u2018arrest me burg\u2019 dit\u00ebn e sotme p\u00ebr akuz\u00ebn \u2018shp\u00ebrdorim detyre\u2019 dhe \u2018korrupsion\u2019 nga GJKKO, nd\u00ebrsa avokati i tij Sokol Azizaj ka deklaruar se kjo gjykat\u00eb nuk njeh Kodin e Procedur\u00ebs Administrative \u00e7ka ka \u00e7uar dhe n\u00eb nj\u00eb gjykim t\u00eb padrejt\u00eb por dhe jo ligjor n\u00eb dh\u00ebnien e k\u00ebsaj mase.<\/p>\n<p>Azizaj gjithashtu ka p\u00ebrmendur dhe jo p\u00ebrgjegj\u00ebsin\u00eb q\u00eb ka klienti i tij duke \u00e7uar dhe nj\u00eb gur m\u00eb larg duke deklaruar se nj\u00eb nga faktet penale p\u00ebr t\u00eb cil\u00ebn SPAK kompromenton Bllakon \u00ebsht\u00eb dhe shpron\u00ebsimi i tok\u00ebs p\u00ebr ngritjen e inceneratorit t\u00eb Fierit si dhe pag\u00ebn e t\u00eb atit n\u00eb k\u00ebt\u00eb sip\u00ebrmarrje duke i cil\u00ebsuar si \u2018akte t\u00eb prodhuara jo nga Alqi Bllako, por nj\u00eb p\u00ebrcjellje e dokumentacionit t\u00eb akteve t\u00eb prodhuara nga K\u00ebshilli i Ministrave\u201d.<\/p>\n<p>Gjithashtu ai i ka quajtur dhe spekulime z\u00ebrat se ish-deputeti socialist n\u00eb 12 or\u00ebt e zhdukjes s\u00eb tij ishte n\u00eb p\u00ebrgatitje p\u00ebr tu arratisur nga vendi.<\/p>\n<p>Gjithashtu ai \u00ebsht\u00eb p\u00ebrpjekur t\u00eb \u00e7montoj\u00eb dhe nj\u00eb tjet\u00ebr akuz\u00eb t\u00eb SPAK, at\u00eb t\u00eb udh\u00ebtimit t\u00eb Alqi Bllakos me Klodian Zoton n\u00eb prill t\u00eb 2019-s drejt Italis\u00eb duke k\u00ebrkuar barr\u00ebn e prov\u00ebs p\u00ebr prokurorin\u00eb e posa\u00e7me.<br \/>\n\u201cMendoj q\u00eb kjo nuk \u00ebsht\u00eb prov\u00eb bind\u00ebse sa koh\u00eb q\u00eb nuk provohet q\u00eb Zoto ka paguar bilet\u00ebn e Bllakos. T\u00eb gjith\u00eb mund t\u00eb udh\u00ebtojn\u00eb n\u00eb nj\u00eb avion, kjo nuk kompromenton ask\u00ebnd\u201d, tha Azizaj.<\/p>","protected":false},"excerpt":{"rendered":"<p>Ish-deputeti socialist Alqi Bllako \u00ebsht\u00eb v\u00ebn\u00eb n\u00eb mas\u00ebn \u2018arrest me burg\u2019 dit\u00ebn e sotme p\u00ebr akuz\u00ebn \u2018shp\u00ebrdorim detyre\u2019 dhe \u2018korrupsion\u2019 nga GJKKO, nd\u00ebrsa avokati i tij Sokol Azizaj ka deklaruar se kjo gjykat\u00eb nuk njeh Kodin e Procedur\u00ebs Administrative \u00e7ka ka \u00e7uar dhe n\u00eb nj\u00eb gjykim t\u00eb padrejt\u00eb por dhe jo ligjor n\u00eb dh\u00ebnien e [&hellip;]<\/p>\n","protected":false},"author":2020,"featured_media":248328,"comment_status":"closed","ping_status":"closed","sticky":false,"template":"","format":"standard","meta":{"footnotes":""},"categories":[241,5380,231],"tags":[],"class_list":{"0":"post-248327","1":"post","2":"type-post","3":"status-publish","4":"format-standard","5":"has-post-thumbnail","7":"category-aktualitet","8":"category-kryesore","9":"category-lajme"},"_links":{"self":[{"href":"https:\/\/zjarr.tv\/en\/wp-json\/wp\/v2\/posts\/248327","targetHints":{"allow":["GET"]}}],"collection":[{"href":"https:\/\/zjarr.tv\/en\/wp-json\/wp\/v2\/posts"}],"about":[{"href":"https:\/\/zjarr.tv\/en\/wp-json\/wp\/v2\/types\/post"}],"author":[{"embeddable":true,"href":"https:\/\/zjarr.tv\/en\/wp-json\/wp\/v2\/users\/2020"}],"replies":[{"embeddable":true,"href":"https:\/\/zjarr.tv\/en\/wp-json\/wp\/v2\/comments?post=248327"}],"version-history":[{"count":0,"href":"https:\/\/zjarr.tv\/en\/wp-json\/wp\/v2\/posts\/248327\/revisions"}],"wp:featuredmedia":[{"embeddable":true,"href":"https:\/\/zjarr.tv\/en\/wp-json\/wp\/v2\/media\/248328"}],"wp:attachment":[{"href":"https:\/\/zjarr.tv\/en\/wp-json\/wp\/v2\/media?parent=248327"}],"wp:term":[{"taxonomy":"category","embeddable":true,"href":"https:\/\/zjarr.tv\/en\/wp-json\/wp\/v2\/categories?post=248327"},{"taxonomy":"post_tag","embeddable":true,"href":"https:\/\/zjarr.tv\/en\/wp-json\/wp\/v2\/tags?post=248327"}],"curies":[{"name":"wp","href":"https:\/\/api.w.org\/{rel}","templated":true}]}}