{"id":248330,"date":"2022-04-02T13:24:29","date_gmt":"2022-04-02T11:24:29","guid":{"rendered":"https:\/\/zjarr.tv\/?p=248330"},"modified":"2022-04-02T13:24:29","modified_gmt":"2022-04-02T11:24:29","slug":"dita-boterore-e-autizmit-presidenti-meta-mirepret-femijet-autike-dhe-ekspoziten-me-punimet-e-tyre-ne-presidence","status":"publish","type":"post","link":"https:\/\/zjarr.tv\/en\/dita-boterore-e-autizmit-presidenti-meta-mirepret-femijet-autike-dhe-ekspoziten-me-punimet-e-tyre-ne-presidence\/","title":{"rendered":"Dita Bot\u00ebrore e Autizmit\/ Presidenti Meta mir\u00ebpret f\u00ebmij\u00ebt autik\u00eb dhe ekspozit\u00ebn me punimet e tyre n\u00eb Presidenc\u00eb"},"content":{"rendered":"<p>Nga Ilir Meta\/<\/p>\n<p>\u201cN\u00eb kuad\u00ebr t\u00eb Dit\u00ebs Bot\u00ebrore t\u00eb Nd\u00ebrgjegj\u00ebsimit p\u00ebr Autizmin, nj\u00eb grup f\u00ebmij\u00ebsh t\u00eb mrekulluesh\u00ebm me spekt\u00ebr autizmi, soll\u00ebn n\u00eb nj\u00eb dit\u00eb me shi, diellin dhe ngjyrat n\u00eb Institucionin e Presidentit, n\u00ebp\u00ebrmjet nj\u00eb ekspozite t\u00eb ve\u00e7ant\u00eb me punime t\u00eb tyre.<\/p>\n<p>N\u00eb k\u00ebt\u00eb veprimtari t\u00eb organizuar n\u00eb bashk\u00ebpunim me \u201cKlubin Komb\u00ebtar t\u00eb Prind\u00ebrve t\u00eb F\u00ebmij\u00ebve me \u00c7rregullime t\u00eb Spektrit Autik dhe Aft\u00ebsi t\u00eb Kufizuara\u201d theksova domosdoshm\u00ebrin\u00eb, q\u00eb institucionet shtet\u00ebrore t\u00eb mb\u00ebshtesin f\u00ebmij\u00ebt me autiz\u00ebm dhe t\u2019ju ofrojn\u00eb familjeve t\u00eb tyre t\u00eb gjith\u00eb ndihm\u00ebn e nevojshme sociale, psikologjike dhe financiare.<\/p>\n<p>\u00c7do f\u00ebmij\u00eb \u00ebsht\u00eb unik p\u00ebr prind\u00ebrit e tij dhe t\u00eb gjith\u00eb prind\u00ebrit jan\u00eb krenar\u00eb p\u00ebr f\u00ebmij\u00ebt e tyre. Ndaj duhet t\u00eb p\u00ebrpiqemi \u00e7do dit\u00eb p\u00ebr t\u2019u krijuar t\u00eb gjitha kushtet f\u00ebmij\u00ebve me aft\u00ebsi ndryshe t\u00eb arrijn\u00eb potencialin e tyre t\u00eb plot\u00eb, duke ju garantuar n<\/p>\n<p>Shoq\u00ebria jon\u00eb ka nevoj\u00eb p\u00ebr solidaritet, p\u00ebr nj\u00eb Shqip\u00ebri t\u00eb dhembshur dhe humane, p\u00ebr dashurin\u00eb, kujdesin dhe p\u00ebrkushtimin ndaj njer\u00ebzve m\u00eb n\u00eb nevoj\u00eb!\u201d<\/p>","protected":false},"excerpt":{"rendered":"<p>Nga Ilir Meta\/ \u201cN\u00eb kuad\u00ebr t\u00eb Dit\u00ebs Bot\u00ebrore t\u00eb Nd\u00ebrgjegj\u00ebsimit p\u00ebr Autizmin, nj\u00eb grup f\u00ebmij\u00ebsh t\u00eb mrekulluesh\u00ebm me spekt\u00ebr autizmi, soll\u00ebn n\u00eb nj\u00eb dit\u00eb me shi, diellin dhe ngjyrat n\u00eb Institucionin e Presidentit, n\u00ebp\u00ebrmjet nj\u00eb ekspozite t\u00eb ve\u00e7ant\u00eb me punime t\u00eb tyre. N\u00eb k\u00ebt\u00eb veprimtari t\u00eb organizuar n\u00eb bashk\u00ebpunim me \u201cKlubin Komb\u00ebtar t\u00eb Prind\u00ebrve t\u00eb [&hellip;]<\/p>\n","protected":false},"author":2020,"featured_media":248331,"comment_status":"closed","ping_status":"closed","sticky":false,"template":"","format":"standard","meta":{"footnotes":""},"categories":[241,5380,231],"tags":[],"class_list":{"0":"post-248330","1":"post","2":"type-post","3":"status-publish","4":"format-standard","5":"has-post-thumbnail","7":"category-aktualitet","8":"category-kryesore","9":"category-lajme"},"_links":{"self":[{"href":"https:\/\/zjarr.tv\/en\/wp-json\/wp\/v2\/posts\/248330","targetHints":{"allow":["GET"]}}],"collection":[{"href":"https:\/\/zjarr.tv\/en\/wp-json\/wp\/v2\/posts"}],"about":[{"href":"https:\/\/zjarr.tv\/en\/wp-json\/wp\/v2\/types\/post"}],"author":[{"embeddable":true,"href":"https:\/\/zjarr.tv\/en\/wp-json\/wp\/v2\/users\/2020"}],"replies":[{"embeddable":true,"href":"https:\/\/zjarr.tv\/en\/wp-json\/wp\/v2\/comments?post=248330"}],"version-history":[{"count":0,"href":"https:\/\/zjarr.tv\/en\/wp-json\/wp\/v2\/posts\/248330\/revisions"}],"wp:featuredmedia":[{"embeddable":true,"href":"https:\/\/zjarr.tv\/en\/wp-json\/wp\/v2\/media\/248331"}],"wp:attachment":[{"href":"https:\/\/zjarr.tv\/en\/wp-json\/wp\/v2\/media?parent=248330"}],"wp:term":[{"taxonomy":"category","embeddable":true,"href":"https:\/\/zjarr.tv\/en\/wp-json\/wp\/v2\/categories?post=248330"},{"taxonomy":"post_tag","embeddable":true,"href":"https:\/\/zjarr.tv\/en\/wp-json\/wp\/v2\/tags?post=248330"}],"curies":[{"name":"wp","href":"https:\/\/api.w.org\/{rel}","templated":true}]}}