{"id":248336,"date":"2022-04-02T14:09:15","date_gmt":"2022-04-02T12:09:15","guid":{"rendered":"https:\/\/zjarr.tv\/?p=248336"},"modified":"2022-04-02T14:09:15","modified_gmt":"2022-04-02T12:09:15","slug":"me-foto-nga-xhamia-e-ethem-beut-ambasadorja-kim-uron-ne-shqip-gezuar-muaj-i-ramazanit","status":"publish","type":"post","link":"https:\/\/zjarr.tv\/en\/me-foto-nga-xhamia-e-ethem-beut-ambasadorja-kim-uron-ne-shqip-gezuar-muaj-i-ramazanit\/","title":{"rendered":"Me foto nga xhamia e Et\u2019hem Beut, ambasadorja Kim uron n\u00eb shqip: G\u00ebzuar muaj i Ramazanit"},"content":{"rendered":"<p>Ambasadorja e SHBA n\u00eb Tiran\u00eb, Yuri Kim ka uruar besimtar\u00ebt mysliman\u00eb p\u00ebr nisjen e muajit t\u00eb shenjt\u00eb t\u00eb Ramazanit.<\/p>\n<p>Ajo ka postuar nj\u00eb foto nga nj\u00eb Xhamia e Haxhi Et\u2019hem Beut, teksa shkruan uron q\u00eb k\u00ebto dit\u00eb t\u00eb sjellin g\u00ebzim n\u00eb familje.<\/p>\n<p>\u201cG\u00ebzuar muaj i Ramazanit! Uroj q\u00eb k\u00ebto dit\u00eb t\u00eb shenjta reflektimi t\u00eb sjellin g\u00ebzim me familjen dhe miqt\u00eb, dhembshuri m\u00eb t\u00eb madhe p\u00ebr nj\u00ebri-tjetrin dhe paqe p\u00ebr t\u00eb gjith\u00eb\u201d shkruan Kim n\u00eb postimin e saj.<\/p>\n<p><img loading=\"lazy\" decoding=\"async\" class=\"alignnone size-medium wp-image-248337\" src=\"https:\/\/zjarr.tv\/wp-content\/uploads\/2022\/04\/46-257x300.png\" alt=\"\" width=\"257\" height=\"300\" srcset=\"https:\/\/zjarr.tv\/wp-content\/uploads\/2022\/04\/46-257x300.png 257w, https:\/\/zjarr.tv\/wp-content\/uploads\/2022\/04\/46-360x420.png 360w, https:\/\/zjarr.tv\/wp-content\/uploads\/2022\/04\/46.png 479w\" sizes=\"auto, (max-width: 257px) 100vw, 257px\" \/><\/p>","protected":false},"excerpt":{"rendered":"<p>Ambasadorja e SHBA n\u00eb Tiran\u00eb, Yuri Kim ka uruar besimtar\u00ebt mysliman\u00eb p\u00ebr nisjen e muajit t\u00eb shenjt\u00eb t\u00eb Ramazanit. Ajo ka postuar nj\u00eb foto nga nj\u00eb Xhamia e Haxhi Et\u2019hem Beut, teksa shkruan uron q\u00eb k\u00ebto dit\u00eb t\u00eb sjellin g\u00ebzim n\u00eb familje. \u201cG\u00ebzuar muaj i Ramazanit! Uroj q\u00eb k\u00ebto dit\u00eb t\u00eb shenjta reflektimi t\u00eb sjellin [&hellip;]<\/p>\n","protected":false},"author":2020,"featured_media":199318,"comment_status":"closed","ping_status":"closed","sticky":false,"template":"","format":"standard","meta":{"footnotes":""},"categories":[241,5380,231],"tags":[],"class_list":{"0":"post-248336","1":"post","2":"type-post","3":"status-publish","4":"format-standard","5":"has-post-thumbnail","7":"category-aktualitet","8":"category-kryesore","9":"category-lajme"},"_links":{"self":[{"href":"https:\/\/zjarr.tv\/en\/wp-json\/wp\/v2\/posts\/248336","targetHints":{"allow":["GET"]}}],"collection":[{"href":"https:\/\/zjarr.tv\/en\/wp-json\/wp\/v2\/posts"}],"about":[{"href":"https:\/\/zjarr.tv\/en\/wp-json\/wp\/v2\/types\/post"}],"author":[{"embeddable":true,"href":"https:\/\/zjarr.tv\/en\/wp-json\/wp\/v2\/users\/2020"}],"replies":[{"embeddable":true,"href":"https:\/\/zjarr.tv\/en\/wp-json\/wp\/v2\/comments?post=248336"}],"version-history":[{"count":0,"href":"https:\/\/zjarr.tv\/en\/wp-json\/wp\/v2\/posts\/248336\/revisions"}],"wp:featuredmedia":[{"embeddable":true,"href":"https:\/\/zjarr.tv\/en\/wp-json\/wp\/v2\/media\/199318"}],"wp:attachment":[{"href":"https:\/\/zjarr.tv\/en\/wp-json\/wp\/v2\/media?parent=248336"}],"wp:term":[{"taxonomy":"category","embeddable":true,"href":"https:\/\/zjarr.tv\/en\/wp-json\/wp\/v2\/categories?post=248336"},{"taxonomy":"post_tag","embeddable":true,"href":"https:\/\/zjarr.tv\/en\/wp-json\/wp\/v2\/tags?post=248336"}],"curies":[{"name":"wp","href":"https:\/\/api.w.org\/{rel}","templated":true}]}}