{"id":248339,"date":"2022-04-02T14:14:18","date_gmt":"2022-04-02T12:14:18","guid":{"rendered":"https:\/\/zjarr.tv\/?p=248339"},"modified":"2022-04-02T14:14:18","modified_gmt":"2022-04-02T12:14:18","slug":"cfare-porosish-urdhrash-e-kercenimesh-ka-marre-alqi-bllako-ne-ato-ore-qe-kerkohej-vokshi-spak-te-zbardhe-dhe-skandalin-me-policine","status":"publish","type":"post","link":"https:\/\/zjarr.tv\/en\/cfare-porosish-urdhrash-e-kercenimesh-ka-marre-alqi-bllako-ne-ato-ore-qe-kerkohej-vokshi-spak-te-zbardhe-dhe-skandalin-me-policine\/","title":{"rendered":"\u201c\u00c7far\u00eb porosish, urdhrash e k\u00ebrc\u00ebnimesh ka marr\u00eb Alqi Bllako n\u00eb ato or\u00eb q\u00eb k\u00ebrkohej?\u201d, Vokshi: SPAK t\u00eb zbardh\u00eb dhe skandalin me policin\u00eb"},"content":{"rendered":"<p>Albana Vokshi:<\/p>\n<p>Fshehja dhe dor\u00ebzimi i kontrolluar i Alqi Bllakos p\u00ebr shum\u00eb e shum\u00eb or\u00eb, tregon se Edi Rama dhe vart\u00ebsit e tij n\u00eb policin\u00eb e Shtetit jan\u00eb gati t\u00eb b\u00ebjn\u00eb gjithcka q\u00eb t\u00eb pengojn\u00eb drejt\u00ebsin\u00eb.<\/p>\n<p>Fakti q\u00eb policia e Shetit me urdh\u00ebr politik luajti loj\u00ebn e kungulleshkave tregon panikun e tmerrin nga dekonspirimi q\u00eb mund t\u2019i b\u00ebjn\u00eb bashk\u00ebpun\u00ebtor\u00ebt e tij Edi Ram\u00ebs dhe ministrave t\u00eb tij n\u00eb afer\u00ebn korruptive t\u00eb shekullit.<\/p>\n<p>A do ket\u00eb mund\u00ebsi Alqi Bllako t\u00eb flas\u00eb lirsh\u00ebm?<\/p>\n<p>\u00c7far\u00eb porosish, urdhrash e k\u00ebrc\u00ebnimesh ka marr\u00eb n\u00eb ato or\u00eb q\u00eb policia e k\u00ebrkonte n\u00eb drejtim t\u00eb paditur?<\/p>\n<p>SPAK duhet t\u00eb hetoj\u00eb edhe k\u00ebt\u00eb c\u00ebshtje.<\/p>\n<p>SPAK ka mund\u00ebsi t\u00eb zbardh\u00eb edhe k\u00ebt\u00eb detaj t\u00eb skandalit me policin\u00eb politike t\u00eb Shtetit.<\/p>\n<p>Alqi Bllako sot ka mund\u00ebsin\u00eb ti b\u00ebj nj\u00eb nder vetes e nj\u00eb nder Shqip\u00ebris\u00eb, t\u00eb tregoj\u00eb gjith\u00eb t\u00eb v\u00ebrtet\u00ebn.<\/p>","protected":false},"excerpt":{"rendered":"<p>Albana Vokshi: Fshehja dhe dor\u00ebzimi i kontrolluar i Alqi Bllakos p\u00ebr shum\u00eb e shum\u00eb or\u00eb, tregon se Edi Rama dhe vart\u00ebsit e tij n\u00eb policin\u00eb e Shtetit jan\u00eb gati t\u00eb b\u00ebjn\u00eb gjithcka q\u00eb t\u00eb pengojn\u00eb drejt\u00ebsin\u00eb. Fakti q\u00eb policia e Shetit me urdh\u00ebr politik luajti loj\u00ebn e kungulleshkave tregon panikun e tmerrin nga dekonspirimi q\u00eb [&hellip;]<\/p>\n","protected":false},"author":2020,"featured_media":248340,"comment_status":"closed","ping_status":"closed","sticky":false,"template":"","format":"standard","meta":{"footnotes":""},"categories":[241,5380,231],"tags":[],"class_list":{"0":"post-248339","1":"post","2":"type-post","3":"status-publish","4":"format-standard","5":"has-post-thumbnail","7":"category-aktualitet","8":"category-kryesore","9":"category-lajme"},"_links":{"self":[{"href":"https:\/\/zjarr.tv\/en\/wp-json\/wp\/v2\/posts\/248339","targetHints":{"allow":["GET"]}}],"collection":[{"href":"https:\/\/zjarr.tv\/en\/wp-json\/wp\/v2\/posts"}],"about":[{"href":"https:\/\/zjarr.tv\/en\/wp-json\/wp\/v2\/types\/post"}],"author":[{"embeddable":true,"href":"https:\/\/zjarr.tv\/en\/wp-json\/wp\/v2\/users\/2020"}],"replies":[{"embeddable":true,"href":"https:\/\/zjarr.tv\/en\/wp-json\/wp\/v2\/comments?post=248339"}],"version-history":[{"count":0,"href":"https:\/\/zjarr.tv\/en\/wp-json\/wp\/v2\/posts\/248339\/revisions"}],"wp:featuredmedia":[{"embeddable":true,"href":"https:\/\/zjarr.tv\/en\/wp-json\/wp\/v2\/media\/248340"}],"wp:attachment":[{"href":"https:\/\/zjarr.tv\/en\/wp-json\/wp\/v2\/media?parent=248339"}],"wp:term":[{"taxonomy":"category","embeddable":true,"href":"https:\/\/zjarr.tv\/en\/wp-json\/wp\/v2\/categories?post=248339"},{"taxonomy":"post_tag","embeddable":true,"href":"https:\/\/zjarr.tv\/en\/wp-json\/wp\/v2\/tags?post=248339"}],"curies":[{"name":"wp","href":"https:\/\/api.w.org\/{rel}","templated":true}]}}