{"id":248345,"date":"2022-04-02T14:24:45","date_gmt":"2022-04-02T12:24:45","guid":{"rendered":"https:\/\/zjarr.tv\/?p=248345"},"modified":"2022-04-02T14:24:45","modified_gmt":"2022-04-02T12:24:45","slug":"nga-mal-berisha-jam-malok-jam-tropojan","status":"publish","type":"post","link":"https:\/\/zjarr.tv\/en\/nga-mal-berisha-jam-malok-jam-tropojan\/","title":{"rendered":"Nga Mal Berisha: Jam malok, jam tropojan!"},"content":{"rendered":"<p>Nga Mal Berisha\/<\/p>\n<p>Genta Bunga! Un\u00eb jam malok! Tropojan! E kam edhe emnin t\u00eb till\u00eb! Eja m\u00eb hiq\u2026pensionin dhe m\u2019i gris librat dhe pun\u00ebt q\u00eb kam b\u00ebr\u00eb! Po ta kishe ti n\u00eb dor\u00eb edhe k\u00ebt\u00eb do ta kishe b\u00ebr\u00eb!<\/p>\n<p>Por ne malok\u00ebt as q\u00eb duam t\u00eb besojm\u00eb se jetojm\u00eb n\u00eb mes monstrash t\u00eb tilla si ju! Neve ju kemi n\u00eb familje dhe ju duam. Sepse Shqip\u00ebrin\u00eb nuk e shohim t\u00eb ndar\u00eb si t\u00eb till\u00eb! Por si nj\u00eb komb, nj\u00eb familje, nj\u00eb bes\u00eb, nj\u00eb flamur.<\/p>\n<p>Po ta kishte th\u00ebn\u00eb k\u00ebt\u00eb nj\u00eb gjykat\u00ebs n\u00eb Amerik\u00eb p\u00ebr nj\u00eb njeri me ngjyr\u00eb, apo Zoti na ruajt\u00eb p\u00ebr ndonj\u00eb person t\u00eb komunitetit\u2026sot do ta kishte l\u00ebn\u00eb detyr\u00ebn!<\/p>\n<p>Nuk e the p\u00ebr ata! E the p\u00ebr Elizabet\u00ebn, tropojanen.<\/p>\n<p>P\u00ebr k\u00ebt\u00eb prit l\u00ebvdata nga arkitekt\u00ebt e Vetingut. Sepse parimet e k\u00ebtij t\u00eb fundit, tani i ka marr\u00eb vesh edhe maloku m\u00eb vetingash.<\/p>","protected":false},"excerpt":{"rendered":"<p>Nga Mal Berisha\/ Genta Bunga! Un\u00eb jam malok! Tropojan! E kam edhe emnin t\u00eb till\u00eb! Eja m\u00eb hiq\u2026pensionin dhe m\u2019i gris librat dhe pun\u00ebt q\u00eb kam b\u00ebr\u00eb! Po ta kishe ti n\u00eb dor\u00eb edhe k\u00ebt\u00eb do ta kishe b\u00ebr\u00eb! Por ne malok\u00ebt as q\u00eb duam t\u00eb besojm\u00eb se jetojm\u00eb n\u00eb mes monstrash t\u00eb tilla si [&hellip;]<\/p>\n","protected":false},"author":2020,"featured_media":248346,"comment_status":"closed","ping_status":"closed","sticky":false,"template":"","format":"standard","meta":{"footnotes":""},"categories":[241,5380,231],"tags":[],"class_list":{"0":"post-248345","1":"post","2":"type-post","3":"status-publish","4":"format-standard","5":"has-post-thumbnail","7":"category-aktualitet","8":"category-kryesore","9":"category-lajme"},"_links":{"self":[{"href":"https:\/\/zjarr.tv\/en\/wp-json\/wp\/v2\/posts\/248345","targetHints":{"allow":["GET"]}}],"collection":[{"href":"https:\/\/zjarr.tv\/en\/wp-json\/wp\/v2\/posts"}],"about":[{"href":"https:\/\/zjarr.tv\/en\/wp-json\/wp\/v2\/types\/post"}],"author":[{"embeddable":true,"href":"https:\/\/zjarr.tv\/en\/wp-json\/wp\/v2\/users\/2020"}],"replies":[{"embeddable":true,"href":"https:\/\/zjarr.tv\/en\/wp-json\/wp\/v2\/comments?post=248345"}],"version-history":[{"count":0,"href":"https:\/\/zjarr.tv\/en\/wp-json\/wp\/v2\/posts\/248345\/revisions"}],"wp:featuredmedia":[{"embeddable":true,"href":"https:\/\/zjarr.tv\/en\/wp-json\/wp\/v2\/media\/248346"}],"wp:attachment":[{"href":"https:\/\/zjarr.tv\/en\/wp-json\/wp\/v2\/media?parent=248345"}],"wp:term":[{"taxonomy":"category","embeddable":true,"href":"https:\/\/zjarr.tv\/en\/wp-json\/wp\/v2\/categories?post=248345"},{"taxonomy":"post_tag","embeddable":true,"href":"https:\/\/zjarr.tv\/en\/wp-json\/wp\/v2\/tags?post=248345"}],"curies":[{"name":"wp","href":"https:\/\/api.w.org\/{rel}","templated":true}]}}