{"id":248356,"date":"2022-04-02T14:49:59","date_gmt":"2022-04-02T12:49:59","guid":{"rendered":"https:\/\/zjarr.tv\/?p=248356"},"modified":"2022-04-02T14:49:59","modified_gmt":"2022-04-02T12:49:59","slug":"rama-dhe-policia-luajten-kungulleshkash-vokshi-i-ben-thirrje-spak-te-hetoje-vonesen-per-te-arrestuar-alqi-bllakon","status":"publish","type":"post","link":"https:\/\/zjarr.tv\/en\/rama-dhe-policia-luajten-kungulleshkash-vokshi-i-ben-thirrje-spak-te-hetoje-vonesen-per-te-arrestuar-alqi-bllakon\/","title":{"rendered":"\u201cRama dhe policia luajt\u00ebn \u201ckungulleshkash\u201d, Vokshi i b\u00ebn thirrje SPAK t\u00eb hetoj\u00eb vones\u00ebn p\u00ebr t\u00eb arrestuar Alqi Bllakon"},"content":{"rendered":"<p>Deputetja e Partis\u00eb Demokratike, Albana Vokshi, i b\u00ebri thirrje SPAK t\u00eb hetoj\u00eb vones\u00ebn e policis\u00eb n\u00eb ekzekutimin e urdh\u00ebr-arrestit t\u00eb l\u00ebshuar nga Prokuroria e Posa\u00e7me.<\/p>\n<p>N\u00eb nj\u00eb dalje p\u00ebr mediat nga selia blu, Vokshi hodhi dyshime se vonesa lidhet me negociatat e Ram\u00ebs dhe ministrave me Bllakon p\u00ebr t\u00eb mos nxjerr\u00eb emrat e tyre n\u00eb afer\u00ebn qindra milion\u00eb euro.<\/p>\n<p>Vokshi deklaroi gjithashtu se ka t\u00eb dh\u00ebna q\u00eb gjat\u00eb arratis\u00eb Bllakos i \u00ebsht\u00eb k\u00ebrkuar t\u00eb zbatoj\u00eb kodin mafioz t\u00eb heshtjes, \u2018Omerta\u2019.<\/p>\n<p>Deklarata<\/p>\n<p>Fshehja dhe dor\u00ebzimi i kontrolluar i Alqi Bllakos p\u00ebr shum\u00eb e shum\u00eb or\u00eb tregon se Edi Rama dhe vart\u00ebsit e tij n\u00eb Policin\u00eb e Shtetit jan\u00eb gati t\u00eb b\u00ebjn\u00eb gjithccka p\u00ebr t\u00eb penguar drejt\u00ebsin\u00eb.<\/p>\n<p>Fakti q\u00eb Policia e shtetit me urdh\u00ebr politik nga Edi Rama luajti loj\u00ebn e kungulleshkave, tregon panikun dhe tmerrin nga dekonspirimi q\u00eb mund t\u2019i b\u00ebjn\u00eb bashk\u00ebpun\u00ebtor\u00ebt e tij, n\u00eb afer\u00ebn korruptive t\u00eb shekullit.<\/p>\n<p>Kur SPAK njoftoi se do t\u00eb arrestonte deputetin e Ram\u00ebs p\u00ebr korrupsionin gjigand me incenerator\u00ebt, kryeministri, Ministri i Drejt\u00ebsis\u00eb dhe nj\u00eb tabor i t\u00ebr\u00eb me zyrtar\u00eb t\u00eb lart\u00eb u betuan p\u00ebr zbatimin e Reform\u00ebs n\u00eb Drejt\u00ebsi.<\/p>\n<p>Por, ajo q\u00eb ndodhi m\u00eb pas ishte nj\u00eb skandal i v\u00ebrtet\u00eb, nj\u00eb skem\u00eb kriminale q\u00eb u parandalua vet\u00ebm p\u00ebr shkak t\u00eb reagimit publik. N\u00eb pritje t\u00eb urdhrit t\u00eb arrestit nga gjykata, SPAK njoftoi Policin\u00eb q\u00eb t\u00eb mbante n\u00ebn mbikqyrje Alqi Bllakon.<\/p>\n<p>Por \u201c\u00e7udit\u00ebrisht\u201d Policia, p\u00ebr shum\u00eb or\u00eb, nuk e gjeti Bllakon nd\u00ebrkoh\u00eb q\u00eb me shum\u00eb gjasa ai ishte n\u00eb negociata me Ram\u00ebn dhe Ministrat e tjer\u00eb t\u00eb zhytur n\u00eb k\u00ebt\u00eb afer\u00eb.<\/p>\n<p>Askush nuk e thot\u00eb se ku ishte Alqi Bllako p\u00ebr m\u00eb shum\u00eb se 12 or\u00eb. Sipas informacioneve, atij i \u00ebsht\u00eb k\u00ebrkuar q\u00eb t\u00eb zbatoj\u00eb rregullin e Omerta-s mafioze, t\u00eb mbyll\u00eb goj\u00ebn e t\u00eb mos tregoj\u00eb shefat e p\u00ebrfshir\u00eb n\u00eb skandalin qindra milion\u00eb euro t\u00eb incenerator\u00ebve.<\/p>\n<p>Qytetar\u00ebt shqiptar\u00eb e kan\u00eb shum\u00eb t\u00eb qart\u00eb q\u00eb Alqi Bllako nuk \u00ebsht\u00eb as koka dhe as bishti i k\u00ebtij korrupsioni gjigand. Ai \u00ebsht\u00eb nj\u00eb hallk\u00eb, i cili duhet t\u00eb vuaj\u00eb pasojat e veprimeve t\u00eb tij kriminale. Por, a do t\u00eb ket\u00eb mund\u00ebsi ai t\u00eb flas\u00eb lirsh\u00ebm. \u00c7far\u00eb porosish, urdh\u00ebrash apo k\u00ebrc\u00ebnime ka marre ne ato ore qe policia po e k\u00ebrkonte ne drejtim \u201cte paditur\u201d?<\/p>\n<p>PD i k\u00ebrkon SPAK t\u00eb zbardh\u00eb skandalin me policin\u00eb politike t\u00eb shtetit. Alqi Bllako sot ka mund\u00ebsin\u00eb t\u2019i b\u00ebj\u00eb nj\u00eb nder vetes dhe Shqip\u00ebris\u00eb. T\u00eb tregoj\u00eb t\u00eb gjith\u00eb t\u00eb v\u00ebrtet\u00ebn.<\/p>","protected":false},"excerpt":{"rendered":"<p>Deputetja e Partis\u00eb Demokratike, Albana Vokshi, i b\u00ebri thirrje SPAK t\u00eb hetoj\u00eb vones\u00ebn e policis\u00eb n\u00eb ekzekutimin e urdh\u00ebr-arrestit t\u00eb l\u00ebshuar nga Prokuroria e Posa\u00e7me. N\u00eb nj\u00eb dalje p\u00ebr mediat nga selia blu, Vokshi hodhi dyshime se vonesa lidhet me negociatat e Ram\u00ebs dhe ministrave me Bllakon p\u00ebr t\u00eb mos nxjerr\u00eb emrat e tyre n\u00eb [&hellip;]<\/p>\n","protected":false},"author":2020,"featured_media":248357,"comment_status":"closed","ping_status":"closed","sticky":false,"template":"","format":"standard","meta":{"footnotes":""},"categories":[241,5380,231],"tags":[],"class_list":{"0":"post-248356","1":"post","2":"type-post","3":"status-publish","4":"format-standard","5":"has-post-thumbnail","7":"category-aktualitet","8":"category-kryesore","9":"category-lajme"},"_links":{"self":[{"href":"https:\/\/zjarr.tv\/en\/wp-json\/wp\/v2\/posts\/248356","targetHints":{"allow":["GET"]}}],"collection":[{"href":"https:\/\/zjarr.tv\/en\/wp-json\/wp\/v2\/posts"}],"about":[{"href":"https:\/\/zjarr.tv\/en\/wp-json\/wp\/v2\/types\/post"}],"author":[{"embeddable":true,"href":"https:\/\/zjarr.tv\/en\/wp-json\/wp\/v2\/users\/2020"}],"replies":[{"embeddable":true,"href":"https:\/\/zjarr.tv\/en\/wp-json\/wp\/v2\/comments?post=248356"}],"version-history":[{"count":0,"href":"https:\/\/zjarr.tv\/en\/wp-json\/wp\/v2\/posts\/248356\/revisions"}],"wp:featuredmedia":[{"embeddable":true,"href":"https:\/\/zjarr.tv\/en\/wp-json\/wp\/v2\/media\/248357"}],"wp:attachment":[{"href":"https:\/\/zjarr.tv\/en\/wp-json\/wp\/v2\/media?parent=248356"}],"wp:term":[{"taxonomy":"category","embeddable":true,"href":"https:\/\/zjarr.tv\/en\/wp-json\/wp\/v2\/categories?post=248356"},{"taxonomy":"post_tag","embeddable":true,"href":"https:\/\/zjarr.tv\/en\/wp-json\/wp\/v2\/tags?post=248356"}],"curies":[{"name":"wp","href":"https:\/\/api.w.org\/{rel}","templated":true}]}}