{"id":248370,"date":"2022-04-02T15:26:09","date_gmt":"2022-04-02T13:26:09","guid":{"rendered":"https:\/\/zjarr.tv\/?p=248370"},"modified":"2022-04-02T15:26:09","modified_gmt":"2022-04-02T13:26:09","slug":"nga-iliri-babaramo-alqi-ky-hero-i-kohes-sone","status":"publish","type":"post","link":"https:\/\/zjarr.tv\/en\/nga-iliri-babaramo-alqi-ky-hero-i-kohes-sone\/","title":{"rendered":"Nga Iliri Babaramo: Alqi, ky hero i koh\u00ebs son\u00eb"},"content":{"rendered":"<p>Nga Iliri Babaramo\/<\/p>\n<p>Nuk \u00ebsht\u00eb Alqi Kondi. Esht\u00eb Alqi Bllako modeli frym\u00ebzues n\u00eb Shqip\u00ebrin\u00eb e sotme. Trajektorja e pasurimit dhe karrier\u00ebs s\u00eb shpejt\u00eb t\u00eb tij jan\u00eb ilustrimi m\u00eb dometh\u00ebn\u00ebs si funksionon realiteti i nj\u00eb t\u00eb riu kur ose duhet t\u00eb thot\u00eb \u201cEdi Rama \u00ebsht\u00eb si Zeusi\u201d ose t\u00eb ket\u00eb pak cip\u00eb n\u00eb faqe dhe t\u2019ia mbath\u00eb nga syt\u00eb k\u00ebmb\u00ebt p\u00ebr n\u00eb Gjermani, Franc\u00eb, Itali apo SHBA.<\/p>\n<p>N\u00eb prillin e vitit t\u00eb kaluar, grat\u00eb e Shkoz\u00ebs provuan p\u00ebr her\u00eb t\u00eb par\u00eb parfumin \u201cChanel 5\u201d. Raftet e floktoreve me mure t\u00eb shtremb\u00ebta, t\u00eb gjitha nd\u00ebrtime informale, u mbush\u00ebn me parfumin e shtrenjt\u00eb. K\u00ebt\u00eb muaj krehjen e keni t\u00eb paguar nga kandidati p\u00ebr deputet, ai u jep dhurat\u00eb dhe nj\u00eb \u201cChanel 5\u201d, u thoshin parukieret banoreve t\u00eb Shkoz\u00ebs para se k\u00ebto t\u00eb dilnin n\u00eb rrug\u00ebn gjith\u00eb gropa e pluhur t\u00eb k\u00ebsaj zone rurale t\u00eb kryeqytetit. Alqi Bllako e kishte hapur thesin. Gjith\u00eb defter\u00ebt e marketeve q\u00eb kishin shitur ushqime veresie u zhduk\u00ebn si me magji . P\u00ebr burrat, Bllako u tregua dhe m\u00eb xhymert. Gjith\u00eb marsin e prillin mund t\u00eb pinin n\u00eb klubet e lagjes sa t\u00eb fryheshin pa futur dor\u00ebn n\u00eb xhep. Thas\u00ebt me miell, shportat me ushqime v\u00ebrshuan lum\u00eb n\u00eb sht\u00ebpit\u00eb e banor\u00ebve t\u00eb nj\u00ebsis\u00eb num\u00ebr 1. Kandidati p\u00ebr deputet i PS e b\u00ebnte Santa Klausin t\u00eb dukej nj\u00eb lyp\u00ebs.<\/p>\n<p>Alqi Ballko po e kryente n\u00eb m\u00ebnyr\u00eb perfekte detyr\u00ebn elektorale. Ishte aq I mencur p\u00ebr ta kuptuar se \u00e7far\u00eb duhet t\u00eb b\u00ebnte. Duhet t\u00eb p\u00ebrligjte zgjedhjen e tij n\u00eb list\u00ebn fituese, list\u00eb nga e cila ishin hequr dhe emra si i nj\u00eb ish-kryeministri n\u00eb koh\u00ebn e larg\u00ebt dhe historike t\u00eb viteve 98-99, kur n\u00eb zyr\u00ebn e tij nguteshin p\u00ebr ta takuar gjith\u00eb njer\u00ebzit m\u00eb t\u00eb pushtetsh\u00ebm t\u00eb globit. Por koh\u00ebt kishin ndryshuar. Tani Majko nuk flet fare sepse \u201cka b\u00ebr\u00eb dh\u00ebmb\u00ebt\u201d. Tani \u00ebsht\u00eb koha e Bllakos. Kaq t\u00eb pushtetsh\u00ebm e ndjente veten Alqi sa I thoshte stafit t\u00eb vet se n\u00eb qeverin\u00eb e re do ishte minist\u00ebr I financave. Madje filloi t\u00eb ndante dhe poste. Nj\u00eb ish kafaz ambasade filloi t\u00eb fryhej e tu \u00e7onte fjal\u00eb bizneseve t\u00eb m\u00ebdha se Bllako do ta em\u00ebronte drejtor t\u00eb p\u00ebrgjithsh\u00ebm t\u00eb tatimeve. Tarifa ishte e lart\u00eb.<\/p>\n<p>Bllako mund t\u00eb ishte b\u00ebr\u00eb dhe minist\u00ebr. T\u00eb gjith\u00eb e donin, shefat i k\u00ebnaqte. Ishte pa dyshim nj\u00eb yll n\u00eb ngjitje. Ylli I tij nuk do ishte shuar n\u00ebse nuk do ishte ndodhur n\u00eb mes t\u00eb nj\u00eb afere q\u00eb as n\u00eb shtetet subsahariane nuk prodhohet, nj\u00eb afer\u00eb ku buxhetit t\u00eb shtetit i duhej t\u00eb paguante p\u00ebr nd\u00ebrtimin e inceneratorit fatura p\u00ebr blerje suteniash, sheqeri, orizi dhe pothuajse gjithckaje tjet\u00ebr q\u00eb rrok fantazia m\u00eb e \u00e7artur njer\u00ebzore.<\/p>\n<p>Afera e incenerator\u00ebve duket se nuk ka p\u00ebr t\u00eb qen\u00eb si ajo e uniformave t\u00eb policis\u00eb, ku u dhan\u00eb d\u00ebnime minimale p\u00ebr ca peshq t\u00eb vegj\u00ebl, nd\u00ebrkoh\u00eb q\u00eb ustai I saj sh\u00ebtit nga ministria n\u00eb ministri pasi ministrat e d\u00ebbojn\u00eb si nj\u00eb xhepist t\u00eb bezdissh\u00ebm e megjithat\u00eb detyrohen ta fusin prap\u00eb nga dritarja pasi e kan\u00eb p\u00ebrzen\u00eb nga dera \u201csepse \u00ebsht\u00eb njeriu I Lali Erit dhe \u00ebsht\u00eb i zoti n\u00eb debate televizive\u201d. P\u00ebr hir t\u00eb v\u00ebrtet\u00ebs, zot\u00ebsia e vetme polemizuese e tij q\u00ebndron n\u00eb faktin se mund t\u00eb thot\u00eb para kamerave dhe g\u00ebnjeshtr\u00ebn m\u00eb t\u00eb pacip\u00eb pa u skuqur ose zverdhur. Tek afera e incenerator\u00ebve shejtani ka dal\u00eb nga shishja. Dhjet\u00ebra shkresa tashm\u00eb jan\u00eb b\u00ebr\u00eb publike.<\/p>\n<p>N\u00eb m\u00ebnyr\u00eb paradoksale, Bllako \u00ebsht\u00eb treguar tep\u00ebr I pushtetsh\u00ebm dhe dit\u00ebn m\u00eb t\u00eb zez\u00eb t\u00eb tij. Shqip\u00ebria kishte njohur kryeministra e ministra t\u00eb brendsh\u00ebm p\u00ebr dekada rresht q\u00eb b\u00ebnin t\u00eb dridhej dhe f\u00ebmija n\u00eb bark t\u00eb n\u00ebn\u00ebs por gjith\u00eb pushteti i tyre b\u00ebhej pluhur n\u00eb nj\u00eb \u00e7ast t\u00eb vet\u00ebm. Me Bllakon nuk ndodhi k\u00ebshtu. Bllako \u00ebsht\u00eb zyrtari q\u00eb policia p\u00ebr her\u00eb t\u00eb par\u00eb n\u00eb historin\u00eb e shtetit shqiptar ka nguruar p\u00ebr gati 24 or\u00eb t\u00eb ekzekutoj\u00eb nj\u00eb urdh\u00ebr arresti gjykate. Madje jo vet\u00ebm kaq. Atij ju dha gjith\u00eb koha e mjaftueshme q\u00eb t\u00eb shes\u00eb gjith\u00eb pronat.<\/p>\n<p>P\u00ebr t\u00eb gjith\u00eb \u00ebsht\u00eb e qart\u00eb se or\u00ebt e gjata kur gjith\u00eb opinioni piblik nuk dinte se ku ai ndodhej kan\u00eb sh\u00ebrbyer p\u00ebr t\u00eb negociuar. Me cilin negocioi ish-deputeti p\u00ebr t\u00eb cilin kishte urdh\u00ebr arresti q\u00eb nuk zbatohej? Mbi t\u00eb gjitha \u00e7far\u00eb force ia jepte k\u00ebt\u00eb pushtet p\u00ebr t\u00eb b\u00ebr\u00eb pazar dhe n\u00eb k\u00ebto rrethana? P\u00ebrgjigjet nuk do shum\u00eb mend p\u00ebr ti marr\u00eb me mend. Tashm\u00eb t\u00eb gjith\u00eb b\u00ebjn\u00eb pyetjen : a do ti tregoj\u00eb \u201cshok\u00ebt\u201d p\u00ebr t\u00eb leht\u00ebsuar veten ? Varet se cilin do ti caktojn\u00eb shok t\u00eb qelis\u00eb dhe kush do ta shoq\u00ebroj\u00eb n\u00eb or\u00ebn e ajrimit.\/5pyetjet.al<\/p>","protected":false},"excerpt":{"rendered":"<p>Nga Iliri Babaramo\/ Nuk \u00ebsht\u00eb Alqi Kondi. Esht\u00eb Alqi Bllako modeli frym\u00ebzues n\u00eb Shqip\u00ebrin\u00eb e sotme. Trajektorja e pasurimit dhe karrier\u00ebs s\u00eb shpejt\u00eb t\u00eb tij jan\u00eb ilustrimi m\u00eb dometh\u00ebn\u00ebs si funksionon realiteti i nj\u00eb t\u00eb riu kur ose duhet t\u00eb thot\u00eb \u201cEdi Rama \u00ebsht\u00eb si Zeusi\u201d ose t\u00eb ket\u00eb pak cip\u00eb n\u00eb faqe dhe t\u2019ia [&hellip;]<\/p>\n","protected":false},"author":2020,"featured_media":248371,"comment_status":"closed","ping_status":"closed","sticky":false,"template":"","format":"standard","meta":{"footnotes":""},"categories":[241,5380,231],"tags":[],"class_list":{"0":"post-248370","1":"post","2":"type-post","3":"status-publish","4":"format-standard","5":"has-post-thumbnail","7":"category-aktualitet","8":"category-kryesore","9":"category-lajme"},"_links":{"self":[{"href":"https:\/\/zjarr.tv\/en\/wp-json\/wp\/v2\/posts\/248370","targetHints":{"allow":["GET"]}}],"collection":[{"href":"https:\/\/zjarr.tv\/en\/wp-json\/wp\/v2\/posts"}],"about":[{"href":"https:\/\/zjarr.tv\/en\/wp-json\/wp\/v2\/types\/post"}],"author":[{"embeddable":true,"href":"https:\/\/zjarr.tv\/en\/wp-json\/wp\/v2\/users\/2020"}],"replies":[{"embeddable":true,"href":"https:\/\/zjarr.tv\/en\/wp-json\/wp\/v2\/comments?post=248370"}],"version-history":[{"count":0,"href":"https:\/\/zjarr.tv\/en\/wp-json\/wp\/v2\/posts\/248370\/revisions"}],"wp:featuredmedia":[{"embeddable":true,"href":"https:\/\/zjarr.tv\/en\/wp-json\/wp\/v2\/media\/248371"}],"wp:attachment":[{"href":"https:\/\/zjarr.tv\/en\/wp-json\/wp\/v2\/media?parent=248370"}],"wp:term":[{"taxonomy":"category","embeddable":true,"href":"https:\/\/zjarr.tv\/en\/wp-json\/wp\/v2\/categories?post=248370"},{"taxonomy":"post_tag","embeddable":true,"href":"https:\/\/zjarr.tv\/en\/wp-json\/wp\/v2\/tags?post=248370"}],"curies":[{"name":"wp","href":"https:\/\/api.w.org\/{rel}","templated":true}]}}