{"id":248373,"date":"2022-04-02T15:46:10","date_gmt":"2022-04-02T13:46:10","guid":{"rendered":"https:\/\/zjarr.tv\/?p=248373"},"modified":"2022-04-02T15:46:10","modified_gmt":"2022-04-02T13:46:10","slug":"alfred-moisiu-keshillon-ps-vetem-ketu-te-ne-zgjidhen-president-me-floke-te-zeza-akoma-kreu-i-shtetit-nuk-mund-te-zgjidhet-me-71-vota","status":"publish","type":"post","link":"https:\/\/zjarr.tv\/en\/alfred-moisiu-keshillon-ps-vetem-ketu-te-ne-zgjidhen-president-me-floke-te-zeza-akoma-kreu-i-shtetit-nuk-mund-te-zgjidhet-me-71-vota\/","title":{"rendered":"Alfred Moisiu k\u00ebshillon PS: Vet\u00ebm k\u00ebtu te ne zgjidhen president me flok\u00eb t\u00eb zeza akoma, kreu i shtetit nuk mund t\u00eb zgjidhet me 71 vota"},"content":{"rendered":"<p>Ish-presidenti Alfred Moisiu, ka dh\u00ebn\u00eb nj\u00eb intervist\u00eb p\u00ebr Fax News, ku ka folur p\u00ebr tema t\u00eb ndryshme, p\u00ebrfshir\u00eb edhe pasuesin e Presidentit Meta n\u00eb krye t\u00eb Shtetit, q\u00eb sipas tij, duhet t\u00eb jet\u00eb nj\u00eb person me p\u00ebrvoj\u00eb t\u00eb gjat\u00eb, si dhe figur\u00eb e gjith\u00ebpranuar. Moisiu u shpreh se do t\u00eb ishte e udh\u00ebs q\u00eb Shqip\u00ebria t\u00eb kishte nj\u00eb President mbi pal\u00ebt, dhe q\u00eb mazhoranca t\u00eb mos mjaftohej me votimin e tij me 71 vota.<\/p>\n<p>Ai tha se Kushtetuta parashikon zgjedhjen me 84 vota t\u00eb drejtuesve t\u00eb nj\u00eb r\u00ebnd\u00ebsie m\u00eb t\u00eb ul\u00ebt, nd\u00ebrkoh\u00eb q\u00eb te Presidenti \u00ebsht\u00eb b\u00ebr\u00eb p\u00ebrjashtim me q\u00ebllim shmangien e krizave politike. Un\u00eb e kam th\u00ebn\u00eb prej koh\u00ebsh, q\u00eb p\u00ebr mua zgjedhjen e presidentit e kemi t\u00eb gabuar, u zbut Kushtetuta, duke lejuar zgjedhjen me 71 vota, n\u00eb m\u00ebnyr\u00eb q\u00eb t\u00eb mos prodhohej kriz\u00eb. Ne zgjedhim avokatin e popullit me 84 vota dhe Presidentin me 71. Ne kemi nevoj\u00eb p\u00ebr nj\u00eb President q\u00eb t\u00eb jet\u00eb me t\u00eb v\u00ebrtet\u00eb mbi pal\u00ebt, dhe t\u00eb ket\u00eb si q\u00ebllim bashkimin e kombit. Nuk mund t\u00eb v\u00ebsh q\u00ebllim vot\u00ebn, dhe t\u00eb d\u00ebmtosh unitetin e popullit\u201d, tha Moisiu, nd\u00ebrkoh\u00eb q\u00eb nuk preferoi t\u00eb jepte kandidaturat q\u00eb sipas tij do t\u2019i voliteshin vendit.<\/p>\n<p>Cilat jan\u00eb kandidaturat q\u00eb mund t\u00eb jen\u00eb mbi pal\u00ebt?<\/p>\n<p>\u201cUn\u00eb them q\u00eb mund t\u00eb gjenden kandidatura t\u00eb tilla, shembujt jan\u00eb, puna \u00ebsht\u00eb a ka vullnet real q\u00eb Presidenti t\u00eb jet\u00eb mbi pal\u00ebt, e do secili q\u00eb ta t\u00ebrheq\u00eb me vete. Politikan\u00ebt tan\u00eb duhet t\u00eb jen\u00eb m\u00eb s\u00ebrioz\u00eb, k\u00ebtu te ne zgjidhet Presidenti me flok\u00eb t\u00eb zeza, i duan t\u00eb rinj, Presidenti duhet t\u00eb jet\u00eb \u201cbaba i kombit\u201d, n\u00ebse mund ta themi.<\/p>\n<p>Gjith\u00eb bota i zgjedh President\u00ebt n\u00eb nj\u00eb mosh\u00eb t\u00eb caktuar, q\u00eb tregon p\u00ebrvoj\u00ebn. \u00cbsht\u00eb nj\u00eb njeri q\u00eb i ka zgjidhur problemet e tij. Ti ke nj\u00eb Itali t\u00eb t\u00ebr\u00eb q\u00eb u rikthye prap\u00eb te nj\u00eb President q\u00eb kishte deklaruar se nuk do t\u00eb vazhdonte m\u00eb n\u00eb at\u00eb detyr\u00eb. Duhet t\u00eb jen\u00eb njer\u00ebz q\u00eb e ndjejn\u00eb si detyrim, q\u00eb e marrin p\u00ebrsip\u00ebr at\u00eb detyr\u00eb dhe nuk merren me gj\u00ebra t\u00eb tjera. Duhet t\u00eb jen\u00eb shembuj nga ana morale, duhet t\u00eb gjenden, dhe une mendoj se gjenden\u201d, shprehet ai.<\/p>","protected":false},"excerpt":{"rendered":"<p>Ish-presidenti Alfred Moisiu, ka dh\u00ebn\u00eb nj\u00eb intervist\u00eb p\u00ebr Fax News, ku ka folur p\u00ebr tema t\u00eb ndryshme, p\u00ebrfshir\u00eb edhe pasuesin e Presidentit Meta n\u00eb krye t\u00eb Shtetit, q\u00eb sipas tij, duhet t\u00eb jet\u00eb nj\u00eb person me p\u00ebrvoj\u00eb t\u00eb gjat\u00eb, si dhe figur\u00eb e gjith\u00ebpranuar. Moisiu u shpreh se do t\u00eb ishte e udh\u00ebs q\u00eb Shqip\u00ebria [&hellip;]<\/p>\n","protected":false},"author":2020,"featured_media":214690,"comment_status":"closed","ping_status":"closed","sticky":false,"template":"","format":"standard","meta":{"footnotes":""},"categories":[241,5380,231],"tags":[],"class_list":{"0":"post-248373","1":"post","2":"type-post","3":"status-publish","4":"format-standard","5":"has-post-thumbnail","7":"category-aktualitet","8":"category-kryesore","9":"category-lajme"},"_links":{"self":[{"href":"https:\/\/zjarr.tv\/en\/wp-json\/wp\/v2\/posts\/248373","targetHints":{"allow":["GET"]}}],"collection":[{"href":"https:\/\/zjarr.tv\/en\/wp-json\/wp\/v2\/posts"}],"about":[{"href":"https:\/\/zjarr.tv\/en\/wp-json\/wp\/v2\/types\/post"}],"author":[{"embeddable":true,"href":"https:\/\/zjarr.tv\/en\/wp-json\/wp\/v2\/users\/2020"}],"replies":[{"embeddable":true,"href":"https:\/\/zjarr.tv\/en\/wp-json\/wp\/v2\/comments?post=248373"}],"version-history":[{"count":0,"href":"https:\/\/zjarr.tv\/en\/wp-json\/wp\/v2\/posts\/248373\/revisions"}],"wp:featuredmedia":[{"embeddable":true,"href":"https:\/\/zjarr.tv\/en\/wp-json\/wp\/v2\/media\/214690"}],"wp:attachment":[{"href":"https:\/\/zjarr.tv\/en\/wp-json\/wp\/v2\/media?parent=248373"}],"wp:term":[{"taxonomy":"category","embeddable":true,"href":"https:\/\/zjarr.tv\/en\/wp-json\/wp\/v2\/categories?post=248373"},{"taxonomy":"post_tag","embeddable":true,"href":"https:\/\/zjarr.tv\/en\/wp-json\/wp\/v2\/tags?post=248373"}],"curies":[{"name":"wp","href":"https:\/\/api.w.org\/{rel}","templated":true}]}}