{"id":248386,"date":"2022-04-02T16:58:34","date_gmt":"2022-04-02T14:58:34","guid":{"rendered":"https:\/\/zjarr.tv\/?p=248386"},"modified":"2022-04-02T16:58:34","modified_gmt":"2022-04-02T14:58:34","slug":"2-prilli-ben-bashke-demokratet-ne-shkoder","status":"publish","type":"post","link":"https:\/\/zjarr.tv\/en\/2-prilli-ben-bashke-demokratet-ne-shkoder\/","title":{"rendered":"\u201c2 prilli\u201d b\u00ebn bashk\u00eb demokrat\u00ebt n\u00eb Shkod\u00ebr"},"content":{"rendered":"<p>Grupi i Rithemelimit dhe deputet\u00ebt mb\u00ebshtet\u00ebs t\u00eb Lulzim Bash\u00ebs u b\u00ebn\u00eb bashk\u00eb p\u00ebr t\u00eb p\u00ebrkujtuar 2 Prillin n\u00eb Shkod\u00ebr, ndon\u00ebse n\u00eb zgjedhjet e nj\u00eb muaji m\u00eb par\u00eb ishin kund\u00ebrshtar\u00eb politik\u00eb.<\/p>\n<p>N\u00eb ceremonin\u00eb p\u00ebrkujtimore t\u00eb 31-vjetorit t\u00eb vrasjes s\u00eb martir\u00ebve t\u00eb demokracis\u00eb \u00ebsht\u00eb i pranish\u00ebm edhe ish-kryeministri Sali Berisha.<\/p>\n<p>K\u00ebt\u00eb vit mbushen 31 vjet nga masakra e 2 prillit 1991 ku mbet\u00ebn t\u00eb vrar\u00eb kat\u00ebr qytetar\u00eb shkodran\u00eb.<\/p>\n<p>Arben Broci, Nazmi Kryeziu, Bujar Bishanaku dhe Besnik Ceka t\u00eb cil\u00ebt bashk\u00eb me shum\u00eb t\u00eb rinj shkodran dol\u00ebn n\u00eb rrug\u00ebt e qytetit duke k\u00ebrkuar ndryshimin e madh politik u shpall\u00ebn martir\u00eb t\u00eb demokracis\u00eb.<\/p>","protected":false},"excerpt":{"rendered":"<p>Grupi i Rithemelimit dhe deputet\u00ebt mb\u00ebshtet\u00ebs t\u00eb Lulzim Bash\u00ebs u b\u00ebn\u00eb bashk\u00eb p\u00ebr t\u00eb p\u00ebrkujtuar 2 Prillin n\u00eb Shkod\u00ebr, ndon\u00ebse n\u00eb zgjedhjet e nj\u00eb muaji m\u00eb par\u00eb ishin kund\u00ebrshtar\u00eb politik\u00eb. N\u00eb ceremonin\u00eb p\u00ebrkujtimore t\u00eb 31-vjetorit t\u00eb vrasjes s\u00eb martir\u00ebve t\u00eb demokracis\u00eb \u00ebsht\u00eb i pranish\u00ebm edhe ish-kryeministri Sali Berisha. K\u00ebt\u00eb vit mbushen 31 vjet nga masakra [&hellip;]<\/p>\n","protected":false},"author":2031,"featured_media":248387,"comment_status":"closed","ping_status":"closed","sticky":false,"template":"","format":"standard","meta":{"footnotes":""},"categories":[241,231,235],"tags":[],"class_list":{"0":"post-248386","1":"post","2":"type-post","3":"status-publish","4":"format-standard","5":"has-post-thumbnail","7":"category-aktualitet","8":"category-lajme","9":"category-vendi"},"_links":{"self":[{"href":"https:\/\/zjarr.tv\/en\/wp-json\/wp\/v2\/posts\/248386","targetHints":{"allow":["GET"]}}],"collection":[{"href":"https:\/\/zjarr.tv\/en\/wp-json\/wp\/v2\/posts"}],"about":[{"href":"https:\/\/zjarr.tv\/en\/wp-json\/wp\/v2\/types\/post"}],"author":[{"embeddable":true,"href":"https:\/\/zjarr.tv\/en\/wp-json\/wp\/v2\/users\/2031"}],"replies":[{"embeddable":true,"href":"https:\/\/zjarr.tv\/en\/wp-json\/wp\/v2\/comments?post=248386"}],"version-history":[{"count":0,"href":"https:\/\/zjarr.tv\/en\/wp-json\/wp\/v2\/posts\/248386\/revisions"}],"wp:featuredmedia":[{"embeddable":true,"href":"https:\/\/zjarr.tv\/en\/wp-json\/wp\/v2\/media\/248387"}],"wp:attachment":[{"href":"https:\/\/zjarr.tv\/en\/wp-json\/wp\/v2\/media?parent=248386"}],"wp:term":[{"taxonomy":"category","embeddable":true,"href":"https:\/\/zjarr.tv\/en\/wp-json\/wp\/v2\/categories?post=248386"},{"taxonomy":"post_tag","embeddable":true,"href":"https:\/\/zjarr.tv\/en\/wp-json\/wp\/v2\/tags?post=248386"}],"curies":[{"name":"wp","href":"https:\/\/api.w.org\/{rel}","templated":true}]}}