{"id":248687,"date":"2022-04-03T18:39:26","date_gmt":"2022-04-03T16:39:26","guid":{"rendered":"https:\/\/zjarr.tv\/?p=248687"},"modified":"2022-04-03T18:39:26","modified_gmt":"2022-04-03T16:39:26","slug":"basha-takim-me-demokratet-ne-shkoder-te-ulim-gjakrat-gjithcka-qe-po-ndodh-eshte-pushtim-i-paligjshem-por-koha-eshte-me-ne","status":"publish","type":"post","link":"https:\/\/zjarr.tv\/en\/basha-takim-me-demokratet-ne-shkoder-te-ulim-gjakrat-gjithcka-qe-po-ndodh-eshte-pushtim-i-paligjshem-por-koha-eshte-me-ne\/","title":{"rendered":"Basha takim me demokrat\u00ebt n\u00eb Shkod\u00ebr: T\u00eb ulim gjakrat! Gjith\u00e7ka q\u00eb po ndodh \u00ebsht\u00eb pushtim i paligjsh\u00ebm, por koha \u00ebsht\u00eb me ne"},"content":{"rendered":"<p>Ish-kryedemokrati Lulzim Basha ka vijuar edhe dit\u00ebn e sotme takimet me demokrat\u00ebt, duke u ndalur n\u00eb qytetin e Shkodr\u00ebs.<\/p>\n<p>Pjes\u00eb e takimit ka qen\u00eb edhe ish kandidati p\u00ebr kryetar bashkie Xhemal Bushati, si dhe kryetari i deg\u00ebs se PD-s\u00eb Xhevdet Amuli, s\u00eb bashku me strukturat q\u00eb punuan n\u00eb fushat\u00eb.<\/p>\n<p>Gjat\u00eb takimit Basha \u00ebsht\u00eb shprehur se ka hequr do t\u00eb nga drejtimi i PD-s\u00eb p\u00ebr shkak t\u00eb situatave t\u00eb krijuara dhe se do t\u00eb punoj\u00eb p\u00ebr bashkimin e k\u00ebsaj force politike.<\/p>\n<p>\u201cHoqa dor\u00eb nga procesi p\u00ebr shkak te situatave te krijuara. Ju shpreh mir\u00ebnjohje p\u00ebr gjith\u00e7ka keni b\u00ebr\u00eb. Q\u00ebndruat fort p\u00ebrball\u00eb nj\u00eb gare aspak t\u00eb zakont\u00eb. Nuk do l\u00eb asgj\u00eb pa b\u00ebr\u00eb q\u00eb kontributi juaj t\u00eb shp\u00ebrblehet.<\/p>\n<p>Koha dhe e drejta jan\u00eb ne krahun ton\u00eb. Jeni njohur me vendimin e turpsh\u00ebm qe mori gjykata pak dit\u00eb m\u00eb par\u00eb. Ai \u00ebsht\u00eb apeluar nga PD. Gjith\u00e7ka q\u00eb po ndodh \u00ebsht\u00eb pushtim i paligjsh\u00ebm. Ti sh\u00ebrbejm\u00eb uljes se gjakrave. P\u00ebrgjegj\u00ebsi q\u00eb e kam marr\u00eb me vet\u00ebdije t\u00eb plot\u00eb dhe do ti sh\u00ebrbej bashkimit te PD\u201d, \u00ebsht\u00eb shprehur Basha.<\/p>","protected":false},"excerpt":{"rendered":"<p>Ish-kryedemokrati Lulzim Basha ka vijuar edhe dit\u00ebn e sotme takimet me demokrat\u00ebt, duke u ndalur n\u00eb qytetin e Shkodr\u00ebs. Pjes\u00eb e takimit ka qen\u00eb edhe ish kandidati p\u00ebr kryetar bashkie Xhemal Bushati, si dhe kryetari i deg\u00ebs se PD-s\u00eb Xhevdet Amuli, s\u00eb bashku me strukturat q\u00eb punuan n\u00eb fushat\u00eb. Gjat\u00eb takimit Basha \u00ebsht\u00eb shprehur se [&hellip;]<\/p>\n","protected":false},"author":2030,"featured_media":248688,"comment_status":"closed","ping_status":"closed","sticky":false,"template":"","format":"standard","meta":{"footnotes":""},"categories":[241,3366,5380,231,1454],"tags":[],"class_list":{"0":"post-248687","1":"post","2":"type-post","3":"status-publish","4":"format-standard","5":"has-post-thumbnail","7":"category-aktualitet","8":"category-koment","9":"category-kryesore","10":"category-lajme","11":"category-politike"},"_links":{"self":[{"href":"https:\/\/zjarr.tv\/en\/wp-json\/wp\/v2\/posts\/248687","targetHints":{"allow":["GET"]}}],"collection":[{"href":"https:\/\/zjarr.tv\/en\/wp-json\/wp\/v2\/posts"}],"about":[{"href":"https:\/\/zjarr.tv\/en\/wp-json\/wp\/v2\/types\/post"}],"author":[{"embeddable":true,"href":"https:\/\/zjarr.tv\/en\/wp-json\/wp\/v2\/users\/2030"}],"replies":[{"embeddable":true,"href":"https:\/\/zjarr.tv\/en\/wp-json\/wp\/v2\/comments?post=248687"}],"version-history":[{"count":0,"href":"https:\/\/zjarr.tv\/en\/wp-json\/wp\/v2\/posts\/248687\/revisions"}],"wp:featuredmedia":[{"embeddable":true,"href":"https:\/\/zjarr.tv\/en\/wp-json\/wp\/v2\/media\/248688"}],"wp:attachment":[{"href":"https:\/\/zjarr.tv\/en\/wp-json\/wp\/v2\/media?parent=248687"}],"wp:term":[{"taxonomy":"category","embeddable":true,"href":"https:\/\/zjarr.tv\/en\/wp-json\/wp\/v2\/categories?post=248687"},{"taxonomy":"post_tag","embeddable":true,"href":"https:\/\/zjarr.tv\/en\/wp-json\/wp\/v2\/tags?post=248687"}],"curies":[{"name":"wp","href":"https:\/\/api.w.org\/{rel}","templated":true}]}}