{"id":248691,"date":"2022-04-03T20:09:11","date_gmt":"2022-04-03T18:09:11","guid":{"rendered":"https:\/\/zjarr.tv\/?p=248691"},"modified":"2022-04-03T20:09:11","modified_gmt":"2022-04-03T18:09:11","slug":"spartak-ngjela-i-beri-komentin-pikant-ne-foto-rovena-ibrahimi-nuk-eshte-hera-e-pare-me-merziti","status":"publish","type":"post","link":"https:\/\/zjarr.tv\/en\/spartak-ngjela-i-beri-komentin-pikant-ne-foto-rovena-ibrahimi-nuk-eshte-hera-e-pare-me-merziti\/","title":{"rendered":"Spartak Ngjela i b\u00ebri komentin pikant n\u00eb foto, Rovena Ibrahimi: Nuk \u00ebsht\u00eb hera e par\u00eb, m\u00eb m\u00ebrziti\u2026"},"content":{"rendered":"<p>Pak koh\u00eb m\u00eb par\u00eb, nj\u00eb koment i b\u00ebr\u00eb nga avokati Spartak Ngjela n\u00eb nj\u00eb prej fotove t\u00eb k\u00ebng\u00ebtares Rovena Ibrahimi, b\u00ebri xhiron e rrjetit. <\/p>\n<p>\u201cAsgj\u00eb e ve\u00e7ant\u00eb\u2026 por gjith\u00e7ka e jasht\u00ebzakonshme e k\u00ebng\u00ebtares s\u00eb madhe, Rovena Ibrahimi: thjesht\u00ebsi; bukuri e ve\u00e7ant\u00eb fem\u00ebrore dhe \u2013 si gjithmon\u00eb \u2013 sinqeritet q\u00eb shfaqet te syt\u00eb dhe buz\u00ebqeshja e saj.\u201d- shkruante Ngjela nd\u00ebr t\u00eb tjera. <\/p>\n<p>Deri m\u00eb tani nuk kishte ardhur asnj\u00eb reagim nga Rovena. Ajo ka folur p\u00ebr her\u00eb t\u00eb par\u00eb duke th\u00ebn\u00eb se nuk \u00ebsht\u00eb komplimenti i par\u00eb q\u00eb merr nga avokati, pasi e ka b\u00ebr\u00eb dhe her\u00eb t\u00eb tjera. <\/p>\n<p>\u201cNuk e prisja kurr\u00eb q\u00eb do isha n\u00eb qend\u00ebr t\u00eb mediave roz\u00eb, dhe kjo \u00ebsht\u00eb pyetje shum\u00eb e bukur. N\u00eb fillimet e mia pasi dhash\u00eb nj\u00eb intervist\u00eb u keqkuptova, edhe prandaj kam q\u00ebndruar larg medias. Ngjela \u00ebsht\u00eb njeri i nderuar dhe un\u00eb e falenderoj dhe publikisht. <\/p>\n<p>Nuk \u00ebsht\u00eb hera e par\u00eb q\u00eb e b\u00ebn\u201d, tha ajo n\u00eb \u201cExpuls\u201d duke rr\u00ebfyer dhe nj\u00eb episod aspak t\u00eb k\u00ebndsh\u00ebm ku nj\u00eb titull e kishte m\u00ebrzitur.<\/p>","protected":false},"excerpt":{"rendered":"<p>Pak koh\u00eb m\u00eb par\u00eb, nj\u00eb koment i b\u00ebr\u00eb nga avokati Spartak Ngjela n\u00eb nj\u00eb prej fotove t\u00eb k\u00ebng\u00ebtares Rovena Ibrahimi, b\u00ebri xhiron e rrjetit. \u201cAsgj\u00eb e ve\u00e7ant\u00eb\u2026 por gjith\u00e7ka e jasht\u00ebzakonshme e k\u00ebng\u00ebtares s\u00eb madhe, Rovena Ibrahimi: thjesht\u00ebsi; bukuri e ve\u00e7ant\u00eb fem\u00ebrore dhe \u2013 si gjithmon\u00eb \u2013 sinqeritet q\u00eb shfaqet te syt\u00eb dhe buz\u00ebqeshja e [&hellip;]<\/p>\n","protected":false},"author":2031,"featured_media":248692,"comment_status":"closed","ping_status":"closed","sticky":false,"template":"","format":"standard","meta":{"footnotes":""},"categories":[231],"tags":[],"class_list":{"0":"post-248691","1":"post","2":"type-post","3":"status-publish","4":"format-standard","5":"has-post-thumbnail","7":"category-lajme"},"_links":{"self":[{"href":"https:\/\/zjarr.tv\/en\/wp-json\/wp\/v2\/posts\/248691","targetHints":{"allow":["GET"]}}],"collection":[{"href":"https:\/\/zjarr.tv\/en\/wp-json\/wp\/v2\/posts"}],"about":[{"href":"https:\/\/zjarr.tv\/en\/wp-json\/wp\/v2\/types\/post"}],"author":[{"embeddable":true,"href":"https:\/\/zjarr.tv\/en\/wp-json\/wp\/v2\/users\/2031"}],"replies":[{"embeddable":true,"href":"https:\/\/zjarr.tv\/en\/wp-json\/wp\/v2\/comments?post=248691"}],"version-history":[{"count":0,"href":"https:\/\/zjarr.tv\/en\/wp-json\/wp\/v2\/posts\/248691\/revisions"}],"wp:featuredmedia":[{"embeddable":true,"href":"https:\/\/zjarr.tv\/en\/wp-json\/wp\/v2\/media\/248692"}],"wp:attachment":[{"href":"https:\/\/zjarr.tv\/en\/wp-json\/wp\/v2\/media?parent=248691"}],"wp:term":[{"taxonomy":"category","embeddable":true,"href":"https:\/\/zjarr.tv\/en\/wp-json\/wp\/v2\/categories?post=248691"},{"taxonomy":"post_tag","embeddable":true,"href":"https:\/\/zjarr.tv\/en\/wp-json\/wp\/v2\/tags?post=248691"}],"curies":[{"name":"wp","href":"https:\/\/api.w.org\/{rel}","templated":true}]}}