{"id":248702,"date":"2022-04-04T07:40:26","date_gmt":"2022-04-04T05:40:26","guid":{"rendered":"https:\/\/zjarr.tv\/?p=248702"},"modified":"2022-04-04T07:40:26","modified_gmt":"2022-04-04T05:40:26","slug":"shtrengata-shiu-dhe-debore-vijon-dimri-ne-pranvere-mesoni-si-do-te-jete-moti-kete-jave","status":"publish","type":"post","link":"https:\/\/zjarr.tv\/en\/shtrengata-shiu-dhe-debore-vijon-dimri-ne-pranvere-mesoni-si-do-te-jete-moti-kete-jave\/","title":{"rendered":"Shtr\u00ebngata shiu dhe d\u00ebbor\u00eb, vijon \u201cdimri\u201d n\u00eb pranver\u00eb, m\u00ebsoni si do t\u00eb jet\u00eb moti k\u00ebt\u00eb jav\u00eb"},"content":{"rendered":"<p>Po vijm\u00eb k\u00ebshtu ngadal\u00eb drejt nj\u00eb jave tjet\u00ebr. Reshjet e shiut e t\u00eb d\u00ebbor\u00ebs n\u00eb zonat malore do t\u00eb jen\u00eb prezente p\u00ebrkoh\u00ebsisht gjat\u00eb dit\u00ebs s\u00eb h\u00ebn\u00eb.<\/p>\n<p>P\u00ebrmir\u00ebsimi i motit do t\u00eb vij\u00eb n\u00eb mesjav\u00eb kur do t\u00eb mbizot\u00ebrojn\u00eb or\u00ebt me vran\u00ebsira e diell. Dit\u00ebn e enjte kalimi i nj\u00eb fronti do t\u00eb sjell\u00eb vran\u00ebsira t\u00eb dendura dhe reshje shiu, shtr\u00ebngata si dhe d\u00ebbore n\u00eb majat e maleve n\u00eb verilindje.<\/p>\n<p>Era do t\u00eb fryj\u00eb kryesisht nga veriper\u00ebndimi mesatare nd\u00ebrsa gjat\u00eb dit\u00ebs s\u00eb enjte edhe e vrullshme p\u00ebrgjat\u00eb bregdetit. Val\u00ebzimi n\u00eb dete i forc\u00ebs 3-4 ball\u00eb.<\/p>","protected":false},"excerpt":{"rendered":"<p>Po vijm\u00eb k\u00ebshtu ngadal\u00eb drejt nj\u00eb jave tjet\u00ebr. Reshjet e shiut e t\u00eb d\u00ebbor\u00ebs n\u00eb zonat malore do t\u00eb jen\u00eb prezente p\u00ebrkoh\u00ebsisht gjat\u00eb dit\u00ebs s\u00eb h\u00ebn\u00eb. P\u00ebrmir\u00ebsimi i motit do t\u00eb vij\u00eb n\u00eb mesjav\u00eb kur do t\u00eb mbizot\u00ebrojn\u00eb or\u00ebt me vran\u00ebsira e diell. Dit\u00ebn e enjte kalimi i nj\u00eb fronti do t\u00eb sjell\u00eb vran\u00ebsira t\u00eb [&hellip;]<\/p>\n","protected":false},"author":2031,"featured_media":184967,"comment_status":"closed","ping_status":"closed","sticky":false,"template":"","format":"standard","meta":{"footnotes":""},"categories":[231],"tags":[],"class_list":{"0":"post-248702","1":"post","2":"type-post","3":"status-publish","4":"format-standard","5":"has-post-thumbnail","7":"category-lajme"},"_links":{"self":[{"href":"https:\/\/zjarr.tv\/en\/wp-json\/wp\/v2\/posts\/248702","targetHints":{"allow":["GET"]}}],"collection":[{"href":"https:\/\/zjarr.tv\/en\/wp-json\/wp\/v2\/posts"}],"about":[{"href":"https:\/\/zjarr.tv\/en\/wp-json\/wp\/v2\/types\/post"}],"author":[{"embeddable":true,"href":"https:\/\/zjarr.tv\/en\/wp-json\/wp\/v2\/users\/2031"}],"replies":[{"embeddable":true,"href":"https:\/\/zjarr.tv\/en\/wp-json\/wp\/v2\/comments?post=248702"}],"version-history":[{"count":0,"href":"https:\/\/zjarr.tv\/en\/wp-json\/wp\/v2\/posts\/248702\/revisions"}],"wp:featuredmedia":[{"embeddable":true,"href":"https:\/\/zjarr.tv\/en\/wp-json\/wp\/v2\/media\/184967"}],"wp:attachment":[{"href":"https:\/\/zjarr.tv\/en\/wp-json\/wp\/v2\/media?parent=248702"}],"wp:term":[{"taxonomy":"category","embeddable":true,"href":"https:\/\/zjarr.tv\/en\/wp-json\/wp\/v2\/categories?post=248702"},{"taxonomy":"post_tag","embeddable":true,"href":"https:\/\/zjarr.tv\/en\/wp-json\/wp\/v2\/tags?post=248702"}],"curies":[{"name":"wp","href":"https:\/\/api.w.org\/{rel}","templated":true}]}}