{"id":248895,"date":"2022-04-04T18:38:56","date_gmt":"2022-04-04T16:38:56","guid":{"rendered":"https:\/\/zjarr.tv\/?p=248895"},"modified":"2022-04-04T18:38:56","modified_gmt":"2022-04-04T16:38:56","slug":"prefekti-i-lezhes-njofton-doreheqjen-me-nje-mesazh-te-koduar-jeta-fillon-te-mbaroje-diten-kur-heshtim","status":"publish","type":"post","link":"https:\/\/zjarr.tv\/en\/prefekti-i-lezhes-njofton-doreheqjen-me-nje-mesazh-te-koduar-jeta-fillon-te-mbaroje-diten-kur-heshtim\/","title":{"rendered":"Prefekti i Lezh\u00ebs njofton dor\u00ebheqjen me nj\u00eb mesazh t\u00eb \u201ckoduar\u201d: Jeta fillon t\u00eb mbaroj\u00eb dit\u00ebn kur heshtim"},"content":{"rendered":"<p>Pas gati tre vitesh n\u00eb detyr\u00eb, prefekti i qarkut t\u00eb Lezh\u00ebs, Gjok\u00eb Jaku ka dh\u00ebn\u00eb dor\u00ebheqjen.<\/p>\n<p>Lajmin e ka b\u00ebr\u00eb t\u00eb ditur vet\u00eb Jaku p\u00ebrmes nj\u00eb postimi n\u00eb rrjetet sociale ku falenderon administrat\u00ebn por edhe miqt\u00eb e koleg\u00ebt si dhe ndjek\u00ebsit n\u00eb rrjetet sociale.<\/p>\n<p>Ndon\u00ebse \u00ebsht\u00eb e paqart\u00eb pse Jaku ka vendosur t\u00eb largohet, por ai thot\u00eb se do t\u00eb vijoj\u00eb t\u00eb jet\u00eb \u201caktor modest n\u00eb jet\u00ebn publike lokale\u201d.<\/p>\n<p>N\u00eb statusin e tij t\u00eb dor\u00ebheqjes, Jaku citon Martin Luther King, i cili ka th\u00ebn\u00eb se \u201cJeta jon\u00eb fillon t\u00eb mbaroj\u00eb dit\u00ebn kur heshtim p\u00ebrball\u00eb gj\u00ebrave q\u00eb kan\u00eb r\u00ebnd\u00ebsi\u201d.<\/p>\n<p>Gjok Jaku ka qen\u00eb dy her\u00eb kryetar i Bashkis\u00eb s\u00eb Lezh\u00ebs. Ai ka mbajtur edhe postin e Prefektit t\u00eb Shkodr\u00ebs.<\/p>\n<p>N\u00eb vitin 2005 Gjok\u00eb Jaku i shp\u00ebtoi nj\u00eb atentati me arm\u00eb. Ai u q\u00ebllua n\u00eb hyrje t\u00eb banes\u00ebs s\u00eb tij dhe mbeti i plagosur me plumb n\u00eb k\u00ebmb\u00eb. N\u00eb 2015-\u00ebn ai ka qen\u00eb zv.minist\u00ebr i Bujq\u00ebsis\u00eb.<\/p>\n<p>Mesazhi i dor\u00ebheqjes s\u00eb Jakut:<\/p>\n<p>Po ndaj me ju se sot kam dorzuar dor\u00ebheqjen time nga funksioni i Prefektit t\u00eb Qarkut Lezh\u00eb pun\u00eb t\u00eb cil\u00ebn e b\u00ebj prej afro 3 vjet\u00ebsh.<\/p>\n<p>S\u00eb pari, falenderime pafund p\u00ebr administrat\u00ebn q\u00eb un\u00eb drejtova, p\u00ebr korrekt\u00ebsin\u00eb, profesionalizmin dhe perkushtimin e tyre, u ndjeva kaq mir\u00eb me to.<\/p>\n<p>S\u00eb dyti falenderoj me mir\u00ebnjohje t\u00eb gjith\u00eb ata drejtues t\u00eb pushtet vendor, Dr. Policis\u00eb, ushtris\u00eb e t\u00eb deg\u00ebve territoriale t\u00eb cil\u00ebt respektuan nj\u00eb kod sjelljeje e bashk\u00ebpunimi miq\u00ebsor. Falenderim pafund p\u00ebr gjith\u00eb kontributin e tyre n\u00eb p\u00ebrballimin me koh\u00eb t\u00eb zgjatur t\u00eb situat\u00ebs post termeti dhe t\u00eb pandemis\u00eb kryesisht, shum\u00eb prej tyre meritojn\u00eb vler\u00ebsimin e gjith\u00eb opinionit.<\/p>\n<p>S\u00eb treti, falenderime p\u00ebr t\u00eb gjith\u00eb ata qytetar\u00eb q\u00eb zgjodhen t\u2019m\u00eb takonin me besim n\u00eb zyr\u00eb, rrug\u00eb e kudo, m\u00eb inkurajuan e mb\u00ebshtet\u00ebn por dhe m\u00eb mirkuptuan p\u00ebr mund\u00ebsit\u00eb e mia n\u00eb zgjidhjen e problemeve t\u00eb tyre.<\/p>\n<p>Miqt\u00eb e mi t\u00eb rrjeteve sociale!<\/p>\n<p>Ka q\u00ebn\u00eb po kaq i r\u00ebnd\u00ebsish\u00ebm p\u00ebr mua dhe komunikimi me ju, m\u00eb keni ndjekur e ndjehem ngroht\u00eb me ju, jam perpjekur t\u2019ju ndjek sa kam mundur, sidoqoft\u00eb kjo n\u00eb vartesi t\u00eb koh\u00ebs time.<\/p>\n<p>Kjo periudh\u00eb 3 vje\u00e7are ka q\u00ebn\u00eb nj\u00eb ekperienc\u00eb e vlefshme p\u00ebr mua e pas asaj t\u00eb Q. Shkod\u00ebr n\u00eb vitet 1997-2000, m\u00eb ka plot\u00ebsuar CV time por jo vet\u00ebm. Jam p\u00ebrpjekur gjithnj\u00eb t\u00eb jem i perulur por dhe k\u00ebrkues p\u00ebr arritjen e objektivave t\u00eb pun\u00ebs. Jam i lumtur t\u00eb kem l\u00ebn\u00eb nj\u00eb gjurm\u00eb timen t\u00eb mir\u00eb n\u00eb k\u00ebt\u00eb funksion t\u00eb r\u00ebnd\u00ebsish\u00ebm.<\/p>\n<p>Sigurisht q\u00eb do vijoj t\u00eb jem aktor modest n\u00eb jet\u00ebn publike lokale me t\u00eb cil\u00ebn u lidha prej m\u00eb shum\u00eb 30 vjet\u00ebsh, n\u00eb t\u00eb cil\u00ebn u rrita e u form\u00ebsova. Do jem banor i k\u00ebtij qyteti perjet\u00eb, nj\u00eb mik juaji padyshim, i lir\u00eb n\u00eb e i pandikuar n\u00eb qendrimet e mia, antikonformist p\u00ebr probleme q\u00eb shqet\u00ebsojn\u00eb mjedisin shoqeror, social etj.sepse k\u00ebshtu dua t\u00eb mbetem.<\/p>\n<p>\u201cJeta jon\u00eb fillon t\u00eb mbaroj\u00eb dit\u00ebn kur heshtim p\u00ebrball\u00eb gj\u00ebrave q\u00eb kan\u00eb r\u00ebnd\u00ebsi\u201d M. Luther King.<\/p>","protected":false},"excerpt":{"rendered":"<p>Pas gati tre vitesh n\u00eb detyr\u00eb, prefekti i qarkut t\u00eb Lezh\u00ebs, Gjok\u00eb Jaku ka dh\u00ebn\u00eb dor\u00ebheqjen. Lajmin e ka b\u00ebr\u00eb t\u00eb ditur vet\u00eb Jaku p\u00ebrmes nj\u00eb postimi n\u00eb rrjetet sociale ku falenderon administrat\u00ebn por edhe miqt\u00eb e koleg\u00ebt si dhe ndjek\u00ebsit n\u00eb rrjetet sociale. Ndon\u00ebse \u00ebsht\u00eb e paqart\u00eb pse Jaku ka vendosur t\u00eb largohet, por [&hellip;]<\/p>\n","protected":false},"author":2030,"featured_media":248896,"comment_status":"closed","ping_status":"closed","sticky":false,"template":"","format":"standard","meta":{"footnotes":""},"categories":[241,5380,231],"tags":[],"class_list":{"0":"post-248895","1":"post","2":"type-post","3":"status-publish","4":"format-standard","5":"has-post-thumbnail","7":"category-aktualitet","8":"category-kryesore","9":"category-lajme"},"_links":{"self":[{"href":"https:\/\/zjarr.tv\/en\/wp-json\/wp\/v2\/posts\/248895","targetHints":{"allow":["GET"]}}],"collection":[{"href":"https:\/\/zjarr.tv\/en\/wp-json\/wp\/v2\/posts"}],"about":[{"href":"https:\/\/zjarr.tv\/en\/wp-json\/wp\/v2\/types\/post"}],"author":[{"embeddable":true,"href":"https:\/\/zjarr.tv\/en\/wp-json\/wp\/v2\/users\/2030"}],"replies":[{"embeddable":true,"href":"https:\/\/zjarr.tv\/en\/wp-json\/wp\/v2\/comments?post=248895"}],"version-history":[{"count":0,"href":"https:\/\/zjarr.tv\/en\/wp-json\/wp\/v2\/posts\/248895\/revisions"}],"wp:featuredmedia":[{"embeddable":true,"href":"https:\/\/zjarr.tv\/en\/wp-json\/wp\/v2\/media\/248896"}],"wp:attachment":[{"href":"https:\/\/zjarr.tv\/en\/wp-json\/wp\/v2\/media?parent=248895"}],"wp:term":[{"taxonomy":"category","embeddable":true,"href":"https:\/\/zjarr.tv\/en\/wp-json\/wp\/v2\/categories?post=248895"},{"taxonomy":"post_tag","embeddable":true,"href":"https:\/\/zjarr.tv\/en\/wp-json\/wp\/v2\/tags?post=248895"}],"curies":[{"name":"wp","href":"https:\/\/api.w.org\/{rel}","templated":true}]}}