{"id":248903,"date":"2022-04-04T18:59:18","date_gmt":"2022-04-04T16:59:18","guid":{"rendered":"https:\/\/zjarr.tv\/?p=248903"},"modified":"2022-04-04T18:59:18","modified_gmt":"2022-04-04T16:59:18","slug":"cfare-lidhje-ka-znj-kim-me-zgjedhjen-e-presidentit","status":"publish","type":"post","link":"https:\/\/zjarr.tv\/en\/cfare-lidhje-ka-znj-kim-me-zgjedhjen-e-presidentit\/","title":{"rendered":"\u00c7far\u00eb lidhje ka znj. Kim me zgjedhjen e Presidentit?"},"content":{"rendered":"<p>Nga Adriana Kalaja<\/p>\n<p>Vajtja e Yuri Kim n\u00eb takimin me Kryetaren e Kuvendit p\u00ebr t\u00eb diskutuar zgjedhjen e Presidentit t\u00eb ri \u00ebsht\u00eb n\u00eb shkelje t\u00eb Kushtetut\u00ebs dhe neneve 41 dhe 42 t\u00eb Konvent\u00ebs s\u00eb Vjen\u00ebs.<\/p>\n<p>Ma thot\u00eb dikush se \u00e7far\u00eb lidhje ka znj. Kim me zgjedhjen e Presidentit?<\/p>\n<p>Ma tregon dikush baz\u00ebn ligjore q\u00eb legjitimon k\u00ebt\u00eb takim?<\/p>\n<p>Madje sipas dispozitace ligjore, znj. Kim po konsumon vepr\u00ebn penale t\u00eb \u201cUshtrimit t\u00eb ndikimit t\u00eb paligjsh\u00ebm\u201d.<\/p>\n<p>Ndaj sot m\u00eb shum\u00eb se kurr\u00eb duhet reagim mbar\u00eb popullor.<\/p>\n<p>Jeni b\u00ebr\u00eb si puna e atyre q\u00eb kur i pyet Prifti n\u00ebse kan\u00eb gj\u00eb p\u00ebr t\u00eb folur ose t\u00eb heshtin p\u00ebrgjithmon\u00eb, t\u00eb gjith\u00eb reagojn\u00eb pasi \u201cputhet \u00e7ifti\u201d.<\/p>\n<p>Reagoni sot.<\/p>\n<p>Nes\u00ebr \u00ebsht\u00eb von\u00eb.<\/p>\n<p>Duke qen\u00eb se znj. Yuri Kim n\u00eb m\u00ebnyr\u00eb t\u00eb vazhdueshme \u00ebsht\u00eb pozicionuar n\u00eb krah t\u00eb zyrtar\u00ebve t\u00eb korruptuar dhe atyre t\u00eb lidhur me mafien dhe krimin duke:<\/p>\n<ol>\n<li>Shkelur r\u00ebnd\u00eb Kushtetut\u00ebn e Republik\u00ebs s\u00eb Shqip\u00ebris\u00eb;<\/li>\n<li>Shkelur r\u00ebnd\u00eb Konvent\u00ebn e Vjen\u00ebs;<\/li>\n<li>Ushtruar ndikim t\u00eb paligjsh\u00ebm ndaj zyrtar\u00ebve;<\/li>\n<\/ol>\n<p>DUHET t\u00eb shpallet Non Grata n\u00eb territorin e Republik\u00ebs s\u00eb Shqip\u00ebris\u00eb.<\/p>\n<p>Ps: Shp\u00ebrndajeni sa m\u00eb shum\u00eb p\u00ebr t\u00eb konfirmuar miratimin p\u00ebr shporrjen nga vendi yn\u00eb t\u00eb k\u00ebsaj sorosiste<\/p>","protected":false},"excerpt":{"rendered":"<p>Nga Adriana Kalaja Vajtja e Yuri Kim n\u00eb takimin me Kryetaren e Kuvendit p\u00ebr t\u00eb diskutuar zgjedhjen e Presidentit t\u00eb ri \u00ebsht\u00eb n\u00eb shkelje t\u00eb Kushtetut\u00ebs dhe neneve 41 dhe 42 t\u00eb Konvent\u00ebs s\u00eb Vjen\u00ebs. Ma thot\u00eb dikush se \u00e7far\u00eb lidhje ka znj. Kim me zgjedhjen e Presidentit? Ma tregon dikush baz\u00ebn ligjore q\u00eb legjitimon [&hellip;]<\/p>\n","protected":false},"author":2030,"featured_media":248904,"comment_status":"closed","ping_status":"closed","sticky":false,"template":"","format":"standard","meta":{"footnotes":""},"categories":[241,3366,5380,231],"tags":[],"class_list":{"0":"post-248903","1":"post","2":"type-post","3":"status-publish","4":"format-standard","5":"has-post-thumbnail","7":"category-aktualitet","8":"category-koment","9":"category-kryesore","10":"category-lajme"},"_links":{"self":[{"href":"https:\/\/zjarr.tv\/en\/wp-json\/wp\/v2\/posts\/248903","targetHints":{"allow":["GET"]}}],"collection":[{"href":"https:\/\/zjarr.tv\/en\/wp-json\/wp\/v2\/posts"}],"about":[{"href":"https:\/\/zjarr.tv\/en\/wp-json\/wp\/v2\/types\/post"}],"author":[{"embeddable":true,"href":"https:\/\/zjarr.tv\/en\/wp-json\/wp\/v2\/users\/2030"}],"replies":[{"embeddable":true,"href":"https:\/\/zjarr.tv\/en\/wp-json\/wp\/v2\/comments?post=248903"}],"version-history":[{"count":0,"href":"https:\/\/zjarr.tv\/en\/wp-json\/wp\/v2\/posts\/248903\/revisions"}],"wp:featuredmedia":[{"embeddable":true,"href":"https:\/\/zjarr.tv\/en\/wp-json\/wp\/v2\/media\/248904"}],"wp:attachment":[{"href":"https:\/\/zjarr.tv\/en\/wp-json\/wp\/v2\/media?parent=248903"}],"wp:term":[{"taxonomy":"category","embeddable":true,"href":"https:\/\/zjarr.tv\/en\/wp-json\/wp\/v2\/categories?post=248903"},{"taxonomy":"post_tag","embeddable":true,"href":"https:\/\/zjarr.tv\/en\/wp-json\/wp\/v2\/tags?post=248903"}],"curies":[{"name":"wp","href":"https:\/\/api.w.org\/{rel}","templated":true}]}}