{"id":248915,"date":"2022-04-04T19:08:01","date_gmt":"2022-04-04T17:08:01","guid":{"rendered":"https:\/\/zjarr.tv\/?p=248915"},"modified":"2022-04-04T19:08:01","modified_gmt":"2022-04-04T17:08:01","slug":"lulzim-ke-deshtuar-kokalari-ka-nje-thirrje-revolucionare-per-elisa-spiropalin","status":"publish","type":"post","link":"https:\/\/zjarr.tv\/en\/lulzim-ke-deshtuar-kokalari-ka-nje-thirrje-revolucionare-per-elisa-spiropalin\/","title":{"rendered":"\u201cLulzim, ke d\u00ebshtuar\u201d\/ Kokalari ka nj\u00eb thirrje revolucionare p\u00ebr Elisa Spiropalin"},"content":{"rendered":"<p>Aktivistja Evi Kokalari ka reaguar lidhur me takimet q\u00eb Lulzim Basha ka nisur t\u00eb zhvilloj\u00eb me nj\u00eb grusht njer\u00ebzish.<\/p>\n<p>N\u00eb nj\u00eb postim n\u00eb rrjetin social Facebook, Kokalari teksa shkruan se Basha \u00ebsht\u00eb i d\u00ebshtuar, thekson se grupimi i k\u00ebtij t\u00eb fundit ka nj\u00eb shans fantastik p\u00ebr t\u2019iu bashkuar PD-s\u00eb.<\/p>\n<p>Kokalari, ka edhe nj\u00eb thirrje revolucionare p\u00ebr Elisa Spiropalin, q\u00eb kujton se Berisha \u00ebsht\u00eb \u2018i vdekur\u2019.<\/p>\n<p>\u201cLulzim Basha tashti vendosi t\u00eb filloj \u2018foltoret\u2019. Lulzim, ke d\u00ebshtuar r\u00ebndsh\u00ebm dhe bashk\u00eb me ty dhe ata q\u00eb besuan sa do pak tek ty.<\/p>\n<p>Boll me komedit\u00eb. Boll se s\u2019ka nge populli. Enkelejd L. Alibeaj, Gazmend Bardhi dhe t\u00eb gjith\u00eb t\u00eb tjer\u00ebt kan\u00eb nj\u00eb shans fantastik n\u00eb k\u00ebt\u00eb moment ti bashkohen PD-se s\u00eb v\u00ebrtet e t\u00eb vazhdojm\u00eb betej\u00ebn kryesore p\u00ebr t\u00eb nxjerr\u00eb v\u00ebndin nga llumi dhe mo\u00e7ali.<\/p>\n<p>Madje dhe Luli b\u00ebn mir\u00eb t\u00eb ulet e t\u00eb flas\u00eb me Berish\u00ebn, ti k\u00ebrkoj falje dhe t\u00eb kthehet n\u00eb parlament si deputet i Partis\u00eb q\u00eb e b\u00ebri dhe \u00e7\u2019b\u00ebri.<\/p>\n<p>Asgj\u00eb tjet\u00ebr nuk funksionon. N\u00ebse se keni kuptuar deri tashti forc\u00ebn e Sali Berish\u00ebs, di t\u2019ju them q\u00eb lufta p\u00ebrpara \u00ebsht\u00eb akoma m\u00eb e ashp\u00ebr.<\/p>\n<p>Nj\u00eb thirrje revolucionare Elisa Spiropali q\u00eb kujton se Berisha \u00ebsht\u00eb \u2018i vdekur\u2019. N\u00eb \u00e7far\u00eb planeti jeton Elisa? Ndoshta duhet t\u00eb dal\u00ebsh n\u00eb terren qoft\u00eb ti, qoft\u00eb Edi dhe t\u00eb shikojm\u00eb kush \u00ebsht\u00eb m\u00eb energjik dhe plot\u00eb jet\u00eb mes jush, Berisha apo ti &amp; Edi bashk\u00eb?\u201d, shkruan Kokalari.<\/p>","protected":false},"excerpt":{"rendered":"<p>Aktivistja Evi Kokalari ka reaguar lidhur me takimet q\u00eb Lulzim Basha ka nisur t\u00eb zhvilloj\u00eb me nj\u00eb grusht njer\u00ebzish. N\u00eb nj\u00eb postim n\u00eb rrjetin social Facebook, Kokalari teksa shkruan se Basha \u00ebsht\u00eb i d\u00ebshtuar, thekson se grupimi i k\u00ebtij t\u00eb fundit ka nj\u00eb shans fantastik p\u00ebr t\u2019iu bashkuar PD-s\u00eb. Kokalari, ka edhe nj\u00eb thirrje revolucionare [&hellip;]<\/p>\n","protected":false},"author":2030,"featured_media":248916,"comment_status":"closed","ping_status":"closed","sticky":false,"template":"","format":"standard","meta":{"footnotes":""},"categories":[241,3366,5380,231],"tags":[],"class_list":{"0":"post-248915","1":"post","2":"type-post","3":"status-publish","4":"format-standard","5":"has-post-thumbnail","7":"category-aktualitet","8":"category-koment","9":"category-kryesore","10":"category-lajme"},"_links":{"self":[{"href":"https:\/\/zjarr.tv\/en\/wp-json\/wp\/v2\/posts\/248915","targetHints":{"allow":["GET"]}}],"collection":[{"href":"https:\/\/zjarr.tv\/en\/wp-json\/wp\/v2\/posts"}],"about":[{"href":"https:\/\/zjarr.tv\/en\/wp-json\/wp\/v2\/types\/post"}],"author":[{"embeddable":true,"href":"https:\/\/zjarr.tv\/en\/wp-json\/wp\/v2\/users\/2030"}],"replies":[{"embeddable":true,"href":"https:\/\/zjarr.tv\/en\/wp-json\/wp\/v2\/comments?post=248915"}],"version-history":[{"count":0,"href":"https:\/\/zjarr.tv\/en\/wp-json\/wp\/v2\/posts\/248915\/revisions"}],"wp:featuredmedia":[{"embeddable":true,"href":"https:\/\/zjarr.tv\/en\/wp-json\/wp\/v2\/media\/248916"}],"wp:attachment":[{"href":"https:\/\/zjarr.tv\/en\/wp-json\/wp\/v2\/media?parent=248915"}],"wp:term":[{"taxonomy":"category","embeddable":true,"href":"https:\/\/zjarr.tv\/en\/wp-json\/wp\/v2\/categories?post=248915"},{"taxonomy":"post_tag","embeddable":true,"href":"https:\/\/zjarr.tv\/en\/wp-json\/wp\/v2\/tags?post=248915"}],"curies":[{"name":"wp","href":"https:\/\/api.w.org\/{rel}","templated":true}]}}