{"id":249201,"date":"2022-04-05T21:44:08","date_gmt":"2022-04-05T19:44:08","guid":{"rendered":"https:\/\/zjarr.tv\/?p=249201"},"modified":"2022-04-05T21:44:08","modified_gmt":"2022-04-05T19:44:08","slug":"lulzim-basha-mbledh-grupin-e-demokrateve-ne-sauk","status":"publish","type":"post","link":"https:\/\/zjarr.tv\/en\/lulzim-basha-mbledh-grupin-e-demokrateve-ne-sauk\/","title":{"rendered":"Lulzim Basha mbledh grupin e demokrat\u00ebve n\u00eb Sauk"},"content":{"rendered":"<p>Ish-kreu i Partis\u00eb Demokratike Lulzim Basha vijon takimet me demokrat\u00ebt, pavar\u00ebsisht dor\u00ebheqjes nga drejtimi i partis\u00eb. <\/p>\n<p>K\u00ebt\u00eb t\u00eb mart\u00eb, deputeti demokrat ka zhvilluar nj\u00eb takim me nj\u00eb grup demokrat\u00ebsh n\u00eb Sauk. Referuar nj\u00eb deklarate t\u00eb tij disa dit\u00eb m\u00eb par\u00eb, Basha u shpreh se\u00a0q\u00eblllimi i k\u00ebtyre takimeve \u00ebsht\u00eb mbajtja e fjal\u00ebs s\u00eb tij, ajo e bashkimit t\u00eb demokrat\u00ebve. \u00a0 <\/p>\n<p>Kujtojm\u00eb se q\u00eb prej dor\u00ebheqjes nga posti, Basha ka vazhduar takimet me demokrat\u00ebt n\u00eb nj\u00ebsit\u00eb e kryqytetit, pasi ka deklaruar se do t\u00eb vazhdoj\u00eb t\u00eb kontribuoj\u00eb p\u00ebr ringritjen e PD.<\/p>","protected":false},"excerpt":{"rendered":"<p>Ish-kreu i Partis\u00eb Demokratike Lulzim Basha vijon takimet me demokrat\u00ebt, pavar\u00ebsisht dor\u00ebheqjes nga drejtimi i partis\u00eb. K\u00ebt\u00eb t\u00eb mart\u00eb, deputeti demokrat ka zhvilluar nj\u00eb takim me nj\u00eb grup demokrat\u00ebsh n\u00eb Sauk. Referuar nj\u00eb deklarate t\u00eb tij disa dit\u00eb m\u00eb par\u00eb, Basha u shpreh se\u00a0q\u00eblllimi i k\u00ebtyre takimeve \u00ebsht\u00eb mbajtja e fjal\u00ebs s\u00eb tij, ajo e [&hellip;]<\/p>\n","protected":false},"author":2031,"featured_media":214487,"comment_status":"closed","ping_status":"closed","sticky":false,"template":"","format":"standard","meta":{"footnotes":""},"categories":[241,231,235],"tags":[],"class_list":{"0":"post-249201","1":"post","2":"type-post","3":"status-publish","4":"format-standard","5":"has-post-thumbnail","7":"category-aktualitet","8":"category-lajme","9":"category-vendi"},"_links":{"self":[{"href":"https:\/\/zjarr.tv\/en\/wp-json\/wp\/v2\/posts\/249201","targetHints":{"allow":["GET"]}}],"collection":[{"href":"https:\/\/zjarr.tv\/en\/wp-json\/wp\/v2\/posts"}],"about":[{"href":"https:\/\/zjarr.tv\/en\/wp-json\/wp\/v2\/types\/post"}],"author":[{"embeddable":true,"href":"https:\/\/zjarr.tv\/en\/wp-json\/wp\/v2\/users\/2031"}],"replies":[{"embeddable":true,"href":"https:\/\/zjarr.tv\/en\/wp-json\/wp\/v2\/comments?post=249201"}],"version-history":[{"count":0,"href":"https:\/\/zjarr.tv\/en\/wp-json\/wp\/v2\/posts\/249201\/revisions"}],"wp:featuredmedia":[{"embeddable":true,"href":"https:\/\/zjarr.tv\/en\/wp-json\/wp\/v2\/media\/214487"}],"wp:attachment":[{"href":"https:\/\/zjarr.tv\/en\/wp-json\/wp\/v2\/media?parent=249201"}],"wp:term":[{"taxonomy":"category","embeddable":true,"href":"https:\/\/zjarr.tv\/en\/wp-json\/wp\/v2\/categories?post=249201"},{"taxonomy":"post_tag","embeddable":true,"href":"https:\/\/zjarr.tv\/en\/wp-json\/wp\/v2\/tags?post=249201"}],"curies":[{"name":"wp","href":"https:\/\/api.w.org\/{rel}","templated":true}]}}