{"id":249224,"date":"2022-04-06T09:15:53","date_gmt":"2022-04-06T07:15:53","guid":{"rendered":"https:\/\/zjarr.tv\/?p=249224"},"modified":"2022-04-06T09:15:53","modified_gmt":"2022-04-06T07:15:53","slug":"i-martuar-me-dy-femije-ky-eshte-38-vjecari-qe-u-gjet-i-vdekur-ne-makine","status":"publish","type":"post","link":"https:\/\/zjarr.tv\/en\/i-martuar-me-dy-femije-ky-eshte-38-vjecari-qe-u-gjet-i-vdekur-ne-makine\/","title":{"rendered":"I martuar me dy f\u00ebmij\u00eb, ky \u00ebsht\u00eb 38-vje\u00e7ari q\u00eb u gjet i vdekur n\u00eb makin\u00eb"},"content":{"rendered":"<p>Betim Kastrati \u00ebsht\u00eb 38-vje\u00e7ari i cili pak pas mesnat\u00ebs u gjet i vdekur n\u00eb aksin rrugor Lushnj\u00eb-Fier, n\u00eb vendin e quajtur Kolonj\u00eb, ku sipas policis\u00eb kishte vrar\u00eb veten me arm\u00eb zjarri.<\/p>\n<p>Burime p\u00ebr mediat b\u00ebjn\u00eb me dije se Kastrati jetonte n\u00eb Durr\u00ebs dhe ishte shofer n\u00eb port.<\/p>\n<p>38-vje\u00e7ari ishte i martuar dhe kishte 2 f\u00ebmij\u00eb t\u00eb mitur, nd\u00ebrkoh\u00eb q\u00eb u gjet i pajet\u00eb n\u00eb mjetin e tij tip Volvo, i cili ishte parkuar n\u00eb m\u00ebnyr\u00eb t\u00eb rregullt an\u00ebs rrug\u00ebs.<\/p>\n<p>Fillimisht ngjarja u hetua p\u00ebr ndonj\u00eb vrasje t\u00eb mundshme, por sipas uniformave blu Kastrati ka brar\u00eb veten n\u00eb kushte depresioni.<\/p>\n<p>Njoftimi i policis\u00eb:<\/p>\n<p>N\u00eb aksin rrugor Fier-Lushnj\u00eb, n\u00eb af\u00ebrsi t\u00eb rrethrrotullimit t\u00eb Kolonj\u00ebs, n\u00eb nj\u00eb xhep rruge, brenda n\u00eb automjetin tip \u201cVolvo\u201d, i parkuar n\u00eb m\u00ebnyr\u00eb t\u00eb rregullt, \u00ebsht\u00eb gjetur i pajet\u00eb shtetasi B.K, 38 vje\u00e7, banues n\u00eb Durr\u00ebs.<\/p>\n<p>Nga t\u00ebr\u00ebsia e veprimeve paraprake t\u00eb kryera dhe provat e gjetura n\u00eb vendngjarje dyshohet se shtetasi B. K., si pasoj\u00eb e depresionit \u00ebsht\u00eb vet\u00ebvrar\u00eb me arm\u00eb zjarri pistolet\u00eb e cila u sekuestrua n\u00eb cil\u00ebsin\u00eb e prov\u00ebs materiale.<\/p>\n<p>Grupi hetimor n\u00ebn drejtimin e Prokuroris\u00eb vijon pun\u00ebn p\u00ebr zbardhjen dhe sqarimin e plot\u00eb t\u00eb rrethanave t\u00eb ngjarjes.<\/p>","protected":false},"excerpt":{"rendered":"<p>Betim Kastrati \u00ebsht\u00eb 38-vje\u00e7ari i cili pak pas mesnat\u00ebs u gjet i vdekur n\u00eb aksin rrugor Lushnj\u00eb-Fier, n\u00eb vendin e quajtur Kolonj\u00eb, ku sipas policis\u00eb kishte vrar\u00eb veten me arm\u00eb zjarri. Burime p\u00ebr mediat b\u00ebjn\u00eb me dije se Kastrati jetonte n\u00eb Durr\u00ebs dhe ishte shofer n\u00eb port. 38-vje\u00e7ari ishte i martuar dhe kishte 2 f\u00ebmij\u00eb [&hellip;]<\/p>\n","protected":false},"author":2031,"featured_media":249225,"comment_status":"closed","ping_status":"closed","sticky":false,"template":"","format":"standard","meta":{"footnotes":""},"categories":[241,231,235],"tags":[],"class_list":{"0":"post-249224","1":"post","2":"type-post","3":"status-publish","4":"format-standard","5":"has-post-thumbnail","7":"category-aktualitet","8":"category-lajme","9":"category-vendi"},"_links":{"self":[{"href":"https:\/\/zjarr.tv\/en\/wp-json\/wp\/v2\/posts\/249224","targetHints":{"allow":["GET"]}}],"collection":[{"href":"https:\/\/zjarr.tv\/en\/wp-json\/wp\/v2\/posts"}],"about":[{"href":"https:\/\/zjarr.tv\/en\/wp-json\/wp\/v2\/types\/post"}],"author":[{"embeddable":true,"href":"https:\/\/zjarr.tv\/en\/wp-json\/wp\/v2\/users\/2031"}],"replies":[{"embeddable":true,"href":"https:\/\/zjarr.tv\/en\/wp-json\/wp\/v2\/comments?post=249224"}],"version-history":[{"count":0,"href":"https:\/\/zjarr.tv\/en\/wp-json\/wp\/v2\/posts\/249224\/revisions"}],"wp:featuredmedia":[{"embeddable":true,"href":"https:\/\/zjarr.tv\/en\/wp-json\/wp\/v2\/media\/249225"}],"wp:attachment":[{"href":"https:\/\/zjarr.tv\/en\/wp-json\/wp\/v2\/media?parent=249224"}],"wp:term":[{"taxonomy":"category","embeddable":true,"href":"https:\/\/zjarr.tv\/en\/wp-json\/wp\/v2\/categories?post=249224"},{"taxonomy":"post_tag","embeddable":true,"href":"https:\/\/zjarr.tv\/en\/wp-json\/wp\/v2\/tags?post=249224"}],"curies":[{"name":"wp","href":"https:\/\/api.w.org\/{rel}","templated":true}]}}