{"id":249384,"date":"2022-04-06T15:19:31","date_gmt":"2022-04-06T13:19:31","guid":{"rendered":"https:\/\/zjarr.tv\/?p=249384"},"modified":"2022-04-06T15:23:21","modified_gmt":"2022-04-06T13:23:21","slug":"yuri-kim-dergoi-nje-person-per-ti-bere-propozim-mbi-kreun-e-pd-ambasada-amerikane-pergenjeshtron-berishen-nuk-negociojme-pozicionin-per-non-grata","status":"publish","type":"post","link":"https:\/\/zjarr.tv\/en\/yuri-kim-dergoi-nje-person-per-ti-bere-propozim-mbi-kreun-e-pd-ambasada-amerikane-pergenjeshtron-berishen-nuk-negociojme-pozicionin-per-non-grata\/","title":{"rendered":"Yuri Kim d\u00ebrgoi nj\u00eb person p\u00ebr t\u2019i b\u00ebr\u00eb propozim mbi kreun e PD? Ambasada amerikane p\u00ebrg\u00ebnjeshtron Berish\u00ebn: Nuk negociojm\u00eb pozicionin p\u00ebr \u201cnon-grata\u201d"},"content":{"rendered":"<p>Ambasada amerikane \u00ebsht\u00eb p\u00ebrgjigjur pas deklaratave t\u00eb mbr\u00ebmshme nga ish kryeministri, Sali Berisha p\u00ebrsa i p\u00ebrket nj\u00eb propozimi t\u00eb b\u00ebr\u00eb nga Yuri Kim lidhur me zgjidhjen e kriz\u00ebs n\u00eb PD.<\/p>\n<p>N\u00eb reagimin e b\u00ebr\u00eb, ambasada p\u00ebrgjigjet duke th\u00ebn\u00eb se shpallja \u201cnon-grata\u201d nuk negociohej, duke mohuar k\u00ebshtu aludimet se ambasadorja Yuri Kim kishte b\u00ebr\u00eb nj\u00eb propozim t\u00eb till\u00eb ndaj ish kryeministrit Sali Berisha.<\/p>\n<p>Kujtojm\u00eb se mbr\u00ebmjen e djeshme, ish kryeministri, Sali Berisha deklaroi se Yuri Kim kishte d\u00ebrguar n\u00eb zyr\u00ebn e tij nj\u00eb person q\u00eb i kishte k\u00ebrkuar t\u00eb hiqte dor\u00eb p\u00ebrkoh\u00ebsisht nga kandidimi p\u00ebr kreun e partis\u00eb Demokratike.<\/p>\n<p>Nd\u00ebr t\u00eb tjera, Berisha tha se e kishte refuzuar propozimin e b\u00ebr\u00eb, me q\u00ebllimin q\u00eb Yuri Kim t\u00eb mos nd\u00ebrhynte n\u00eb pun\u00ebt e brendshme t\u00eb partis\u00eb Demokratike.<\/p>\n<p><img loading=\"lazy\" decoding=\"async\" class=\"alignnone size-medium wp-image-249385\" src=\"https:\/\/zjarr.tv\/wp-content\/uploads\/2022\/04\/13-292x300.png\" alt=\"\" width=\"292\" height=\"300\" srcset=\"https:\/\/zjarr.tv\/wp-content\/uploads\/2022\/04\/13-292x300.png 292w, https:\/\/zjarr.tv\/wp-content\/uploads\/2022\/04\/13-408x420.png 408w, https:\/\/zjarr.tv\/wp-content\/uploads\/2022\/04\/13-356x364.png 356w, https:\/\/zjarr.tv\/wp-content\/uploads\/2022\/04\/13.png 589w\" sizes=\"auto, (max-width: 292px) 100vw, 292px\" \/><\/p>","protected":false},"excerpt":{"rendered":"<p>Ambasada amerikane \u00ebsht\u00eb p\u00ebrgjigjur pas deklaratave t\u00eb mbr\u00ebmshme nga ish kryeministri, Sali Berisha p\u00ebrsa i p\u00ebrket nj\u00eb propozimi t\u00eb b\u00ebr\u00eb nga Yuri Kim lidhur me zgjidhjen e kriz\u00ebs n\u00eb PD. N\u00eb reagimin e b\u00ebr\u00eb, ambasada p\u00ebrgjigjet duke th\u00ebn\u00eb se shpallja \u201cnon-grata\u201d nuk negociohej, duke mohuar k\u00ebshtu aludimet se ambasadorja Yuri Kim kishte b\u00ebr\u00eb nj\u00eb propozim [&hellip;]<\/p>\n","protected":false},"author":2020,"featured_media":203750,"comment_status":"closed","ping_status":"closed","sticky":false,"template":"","format":"standard","meta":{"footnotes":""},"categories":[241,5380,231],"tags":[],"class_list":{"0":"post-249384","1":"post","2":"type-post","3":"status-publish","4":"format-standard","5":"has-post-thumbnail","7":"category-aktualitet","8":"category-kryesore","9":"category-lajme"},"_links":{"self":[{"href":"https:\/\/zjarr.tv\/en\/wp-json\/wp\/v2\/posts\/249384","targetHints":{"allow":["GET"]}}],"collection":[{"href":"https:\/\/zjarr.tv\/en\/wp-json\/wp\/v2\/posts"}],"about":[{"href":"https:\/\/zjarr.tv\/en\/wp-json\/wp\/v2\/types\/post"}],"author":[{"embeddable":true,"href":"https:\/\/zjarr.tv\/en\/wp-json\/wp\/v2\/users\/2020"}],"replies":[{"embeddable":true,"href":"https:\/\/zjarr.tv\/en\/wp-json\/wp\/v2\/comments?post=249384"}],"version-history":[{"count":0,"href":"https:\/\/zjarr.tv\/en\/wp-json\/wp\/v2\/posts\/249384\/revisions"}],"wp:featuredmedia":[{"embeddable":true,"href":"https:\/\/zjarr.tv\/en\/wp-json\/wp\/v2\/media\/203750"}],"wp:attachment":[{"href":"https:\/\/zjarr.tv\/en\/wp-json\/wp\/v2\/media?parent=249384"}],"wp:term":[{"taxonomy":"category","embeddable":true,"href":"https:\/\/zjarr.tv\/en\/wp-json\/wp\/v2\/categories?post=249384"},{"taxonomy":"post_tag","embeddable":true,"href":"https:\/\/zjarr.tv\/en\/wp-json\/wp\/v2\/tags?post=249384"}],"curies":[{"name":"wp","href":"https:\/\/api.w.org\/{rel}","templated":true}]}}