{"id":249393,"date":"2022-04-06T15:57:54","date_gmt":"2022-04-06T13:57:54","guid":{"rendered":"https:\/\/zjarr.tv\/?p=249393"},"modified":"2022-04-06T15:57:54","modified_gmt":"2022-04-06T13:57:54","slug":"ishte-nje-deshtim-i-lige-i-saj-berisha-i-ashper-ndaj-yuri-kim-nuk-eshte-me-ambasadore-po-luan-rolin-e","status":"publish","type":"post","link":"https:\/\/zjarr.tv\/en\/ishte-nje-deshtim-i-lige-i-saj-berisha-i-ashper-ndaj-yuri-kim-nuk-eshte-me-ambasadore-po-luan-rolin-e\/","title":{"rendered":"\u201cIshte nj\u00eb d\u00ebshtim i lig\u00eb i saj\u201d, Berisha i ashp\u00ebr ndaj Yuri Kim: Nuk \u00ebsht\u00eb m\u00eb ambasadore, po luan rolin e \u2026"},"content":{"rendered":"<p>Ish kryeministri, Sali Berisha: Ai ishte nj\u00eb d\u00ebshtim i lig\u00eb i saj i paralajm\u00ebruar. Si p\u00ebrfundim, guvernatorja ka l\u00ebn\u00eb m\u00ebnjan\u00eb rolin e ambasadores e cila nuk ka asnj\u00eb tag\u00ebr t\u00eb nd\u00ebrhyj\u00eb n\u00eb pun\u00ebt e brendshme t\u00eb nj\u00eb force politike.<\/p>\n<p>Shpreh k\u00ebnaq\u00ebsin\u00eb e madhe se \u00e7do shqiptar e ka t\u00eb qart\u00eb se \u00e7far\u00eb p\u00ebrpjekjesh po b\u00ebhen nga ajo. Imagjinoni se n\u00eb \u00e7far\u00eb gjendje ka qen\u00eb partia Demokratike, sikur t\u00eb ishte nj\u00eb grup seksion i nj\u00eb ambasade. Zonja n\u00eb fjal\u00eb shkel \u00e7do rregull, zgjedh p\u00ebr shkak t\u00eb terrenit q\u00eb i ka l\u00ebn\u00eb Edi Rama t\u00eb b\u00ebj\u00eb at\u00eb q\u00eb po b\u00ebn.<\/p>","protected":false},"excerpt":{"rendered":"<p>Ish kryeministri, Sali Berisha: Ai ishte nj\u00eb d\u00ebshtim i lig\u00eb i saj i paralajm\u00ebruar. Si p\u00ebrfundim, guvernatorja ka l\u00ebn\u00eb m\u00ebnjan\u00eb rolin e ambasadores e cila nuk ka asnj\u00eb tag\u00ebr t\u00eb nd\u00ebrhyj\u00eb n\u00eb pun\u00ebt e brendshme t\u00eb nj\u00eb force politike. Shpreh k\u00ebnaq\u00ebsin\u00eb e madhe se \u00e7do shqiptar e ka t\u00eb qart\u00eb se \u00e7far\u00eb p\u00ebrpjekjesh po b\u00ebhen [&hellip;]<\/p>\n","protected":false},"author":2020,"featured_media":249394,"comment_status":"closed","ping_status":"closed","sticky":false,"template":"","format":"standard","meta":{"footnotes":""},"categories":[241,5380,231],"tags":[],"class_list":{"0":"post-249393","1":"post","2":"type-post","3":"status-publish","4":"format-standard","5":"has-post-thumbnail","7":"category-aktualitet","8":"category-kryesore","9":"category-lajme"},"_links":{"self":[{"href":"https:\/\/zjarr.tv\/en\/wp-json\/wp\/v2\/posts\/249393","targetHints":{"allow":["GET"]}}],"collection":[{"href":"https:\/\/zjarr.tv\/en\/wp-json\/wp\/v2\/posts"}],"about":[{"href":"https:\/\/zjarr.tv\/en\/wp-json\/wp\/v2\/types\/post"}],"author":[{"embeddable":true,"href":"https:\/\/zjarr.tv\/en\/wp-json\/wp\/v2\/users\/2020"}],"replies":[{"embeddable":true,"href":"https:\/\/zjarr.tv\/en\/wp-json\/wp\/v2\/comments?post=249393"}],"version-history":[{"count":0,"href":"https:\/\/zjarr.tv\/en\/wp-json\/wp\/v2\/posts\/249393\/revisions"}],"wp:featuredmedia":[{"embeddable":true,"href":"https:\/\/zjarr.tv\/en\/wp-json\/wp\/v2\/media\/249394"}],"wp:attachment":[{"href":"https:\/\/zjarr.tv\/en\/wp-json\/wp\/v2\/media?parent=249393"}],"wp:term":[{"taxonomy":"category","embeddable":true,"href":"https:\/\/zjarr.tv\/en\/wp-json\/wp\/v2\/categories?post=249393"},{"taxonomy":"post_tag","embeddable":true,"href":"https:\/\/zjarr.tv\/en\/wp-json\/wp\/v2\/tags?post=249393"}],"curies":[{"name":"wp","href":"https:\/\/api.w.org\/{rel}","templated":true}]}}