{"id":249396,"date":"2022-04-06T16:12:44","date_gmt":"2022-04-06T14:12:44","guid":{"rendered":"https:\/\/zjarr.tv\/?p=249396"},"modified":"2022-04-06T16:12:44","modified_gmt":"2022-04-06T14:12:44","slug":"ish-drejtori-i-voa-dash-te-ktheje-yuri-kim-ne-shtepi-po-demton-raportet-dypaleshe","status":"publish","type":"post","link":"https:\/\/zjarr.tv\/en\/ish-drejtori-i-voa-dash-te-ktheje-yuri-kim-ne-shtepi-po-demton-raportet-dypaleshe\/","title":{"rendered":"Ish-drejtori i VOA\/ DASH t\u00eb kthej\u00eb Yuri Kim n\u00eb sht\u00ebpi, po d\u00ebmton raportet dypal\u00ebshe"},"content":{"rendered":"<p>Nga Frank Shkreli<\/p>\n<p>Nuk e sheh, Zonja Kim se duke sugjeruar, duke promovuar, p\u00ebr t\u00eb mos th\u00ebn\u00eb duke urdh\u00ebruar shqiptar\u00ebt se p\u00ebr cil\u00ebn parti ose politikan duhet t\u00eb votojn\u00eb shqiptar\u00ebt, \u00ebsht\u00eb duke i p\u00ebr\u00e7ar\u00eb votuesit shqiptar\u00eb n\u00eb pro dhe anti-amerikane!?<\/p>\n<p>Ky \u00ebsht\u00eb nj\u00eb krim dhe sh\u00ebrbim i keq ndaj Shqip\u00ebris\u00eb dhe sidomos ndaj marr\u00ebdh\u00ebnieve shqiptaro-amerikane. A \u00ebsht\u00eb, ky misioni i mandatit t\u00eb k\u00ebsaj zonje n\u00eb Tiran\u00eb, n\u00eb k\u00ebt\u00eb 100-vjetor t\u00eb k\u00ebtyre marr\u00ebdh\u00ebnieve?<\/p>\n<p>Kujt i intereson q\u00eb populli shqiptar t\u00eb p\u00ebr\u00e7ahet n\u00eb pro dhe anti-amerikane?<\/p>\n<p>Lidhjet e forta dhe promovimi i k\u00ebtyre marr\u00ebdh\u00ebnieve midis dy popujve tan\u00eb duhet t\u00eb jen\u00eb p\u00ebrpar\u00ebsia num\u00ebr nj\u00eb e ambasad\u00ebs amerikane n\u00eb Tiran\u00eb dhe jo l\u00ebvizjet e brendshme politike e b\u00ebrja pal\u00eb, haptas \u2013 me nj\u00ebr\u00ebn ose tjetr\u00ebn parti ose politikan, kjo duhej t\u00eb ishte shkelje e r\u00ebnd\u00eb diplomatike dhe arsye p\u00ebr kthim n\u00eb atdhe. \/Telegraf<\/p>","protected":false},"excerpt":{"rendered":"<p>Nga Frank Shkreli Nuk e sheh, Zonja Kim se duke sugjeruar, duke promovuar, p\u00ebr t\u00eb mos th\u00ebn\u00eb duke urdh\u00ebruar shqiptar\u00ebt se p\u00ebr cil\u00ebn parti ose politikan duhet t\u00eb votojn\u00eb shqiptar\u00ebt, \u00ebsht\u00eb duke i p\u00ebr\u00e7ar\u00eb votuesit shqiptar\u00eb n\u00eb pro dhe anti-amerikane!? Ky \u00ebsht\u00eb nj\u00eb krim dhe sh\u00ebrbim i keq ndaj Shqip\u00ebris\u00eb dhe sidomos ndaj marr\u00ebdh\u00ebnieve shqiptaro-amerikane. [&hellip;]<\/p>\n","protected":false},"author":2020,"featured_media":249397,"comment_status":"closed","ping_status":"closed","sticky":false,"template":"","format":"standard","meta":{"footnotes":""},"categories":[241,5380,231],"tags":[],"class_list":{"0":"post-249396","1":"post","2":"type-post","3":"status-publish","4":"format-standard","5":"has-post-thumbnail","7":"category-aktualitet","8":"category-kryesore","9":"category-lajme"},"_links":{"self":[{"href":"https:\/\/zjarr.tv\/en\/wp-json\/wp\/v2\/posts\/249396","targetHints":{"allow":["GET"]}}],"collection":[{"href":"https:\/\/zjarr.tv\/en\/wp-json\/wp\/v2\/posts"}],"about":[{"href":"https:\/\/zjarr.tv\/en\/wp-json\/wp\/v2\/types\/post"}],"author":[{"embeddable":true,"href":"https:\/\/zjarr.tv\/en\/wp-json\/wp\/v2\/users\/2020"}],"replies":[{"embeddable":true,"href":"https:\/\/zjarr.tv\/en\/wp-json\/wp\/v2\/comments?post=249396"}],"version-history":[{"count":0,"href":"https:\/\/zjarr.tv\/en\/wp-json\/wp\/v2\/posts\/249396\/revisions"}],"wp:featuredmedia":[{"embeddable":true,"href":"https:\/\/zjarr.tv\/en\/wp-json\/wp\/v2\/media\/249397"}],"wp:attachment":[{"href":"https:\/\/zjarr.tv\/en\/wp-json\/wp\/v2\/media?parent=249396"}],"wp:term":[{"taxonomy":"category","embeddable":true,"href":"https:\/\/zjarr.tv\/en\/wp-json\/wp\/v2\/categories?post=249396"},{"taxonomy":"post_tag","embeddable":true,"href":"https:\/\/zjarr.tv\/en\/wp-json\/wp\/v2\/tags?post=249396"}],"curies":[{"name":"wp","href":"https:\/\/api.w.org\/{rel}","templated":true}]}}