{"id":249399,"date":"2022-04-06T16:15:53","date_gmt":"2022-04-06T14:15:53","guid":{"rendered":"https:\/\/zjarr.tv\/?p=249399"},"modified":"2022-04-06T16:15:53","modified_gmt":"2022-04-06T14:15:53","slug":"humor-i-zi-gafae-bibliotekes-kombetare-ngaterron-foton-e-albanologut-peter-bartl","status":"publish","type":"post","link":"https:\/\/zjarr.tv\/en\/humor-i-zi-gafae-bibliotekes-kombetare-ngaterron-foton-e-albanologut-peter-bartl\/","title":{"rendered":"Humor i zi\/ \u201cGafa\u201de Bibliotek\u00ebs Komb\u00ebtare, ngat\u00ebrron foton e albanologut Peter Bartl"},"content":{"rendered":"<p>Biblioteka Komb\u00ebtare ka b\u00ebr\u00eb nj\u00eb gaf\u00eb n\u00eb lidhje me ekspozit\u00ebn ndaj albanologut Peter Bartl. Duket se ato e kan\u00eb ngat\u00ebrruar foton e tij, me at\u00eb t\u00eb nj\u00eb grafik dizajneri, q\u00eb mban po t\u00eb njejtin em\u00ebr me t\u00eb.<\/p>\n<p>Sipas faqes Arteka.al prej dit\u00ebsh foto ndodhet n\u00eb hollin e Bibliotek\u00ebs Komb\u00ebtare, me foton e nj\u00eb tjet\u00ebr Peter Bartl, dhe jo at\u00eb t\u00eb albanologut t\u00eb njohur.<\/p>\n<p>P\u00ebr k\u00ebt\u00eb ka patur edhe nj\u00eb reagim nga aktivisti Ergys M\u00ebrtiri.<\/p>\n<p>Postimi:<\/p>\n<p>Humor i zi<\/p>\n<p>Biblioteka Kombetare ngaterron foton e albanologut Peter Bartl ne homazhet e zhvilluara per ndarjen e tij nga jeta. Foto ne fjale eshte e nje personi tjeter dhe nuk ka te beje fare me Prof. Bartl-in.<\/p>\n<p>Duket se stafit te bibliotekes ia paska ngrene dhia librat! Po qajne njerez te panjohur kot me kot!<\/p>\n<p>Lajmin e gjeni te plote ketu:<\/p>","protected":false},"excerpt":{"rendered":"<p>Biblioteka Komb\u00ebtare ka b\u00ebr\u00eb nj\u00eb gaf\u00eb n\u00eb lidhje me ekspozit\u00ebn ndaj albanologut Peter Bartl. Duket se ato e kan\u00eb ngat\u00ebrruar foton e tij, me at\u00eb t\u00eb nj\u00eb grafik dizajneri, q\u00eb mban po t\u00eb njejtin em\u00ebr me t\u00eb. Sipas faqes Arteka.al prej dit\u00ebsh foto ndodhet n\u00eb hollin e Bibliotek\u00ebs Komb\u00ebtare, me foton e nj\u00eb tjet\u00ebr Peter [&hellip;]<\/p>\n","protected":false},"author":2020,"featured_media":249400,"comment_status":"closed","ping_status":"closed","sticky":false,"template":"","format":"standard","meta":{"footnotes":""},"categories":[241,5380,231],"tags":[],"class_list":{"0":"post-249399","1":"post","2":"type-post","3":"status-publish","4":"format-standard","5":"has-post-thumbnail","7":"category-aktualitet","8":"category-kryesore","9":"category-lajme"},"_links":{"self":[{"href":"https:\/\/zjarr.tv\/en\/wp-json\/wp\/v2\/posts\/249399","targetHints":{"allow":["GET"]}}],"collection":[{"href":"https:\/\/zjarr.tv\/en\/wp-json\/wp\/v2\/posts"}],"about":[{"href":"https:\/\/zjarr.tv\/en\/wp-json\/wp\/v2\/types\/post"}],"author":[{"embeddable":true,"href":"https:\/\/zjarr.tv\/en\/wp-json\/wp\/v2\/users\/2020"}],"replies":[{"embeddable":true,"href":"https:\/\/zjarr.tv\/en\/wp-json\/wp\/v2\/comments?post=249399"}],"version-history":[{"count":0,"href":"https:\/\/zjarr.tv\/en\/wp-json\/wp\/v2\/posts\/249399\/revisions"}],"wp:featuredmedia":[{"embeddable":true,"href":"https:\/\/zjarr.tv\/en\/wp-json\/wp\/v2\/media\/249400"}],"wp:attachment":[{"href":"https:\/\/zjarr.tv\/en\/wp-json\/wp\/v2\/media?parent=249399"}],"wp:term":[{"taxonomy":"category","embeddable":true,"href":"https:\/\/zjarr.tv\/en\/wp-json\/wp\/v2\/categories?post=249399"},{"taxonomy":"post_tag","embeddable":true,"href":"https:\/\/zjarr.tv\/en\/wp-json\/wp\/v2\/tags?post=249399"}],"curies":[{"name":"wp","href":"https:\/\/api.w.org\/{rel}","templated":true}]}}