{"id":249411,"date":"2022-04-06T17:24:24","date_gmt":"2022-04-06T15:24:24","guid":{"rendered":"https:\/\/zjarr.tv\/?p=249411"},"modified":"2022-04-06T17:24:24","modified_gmt":"2022-04-06T15:24:24","slug":"ulsi-manja-do-te-digjitalizojme-arkiven-e-sherbimit-te-proves-nuk-mund-te-pretendojme-sherbim-modern-me-metoda-te-shekullit-te-kaluar","status":"publish","type":"post","link":"https:\/\/zjarr.tv\/en\/ulsi-manja-do-te-digjitalizojme-arkiven-e-sherbimit-te-proves-nuk-mund-te-pretendojme-sherbim-modern-me-metoda-te-shekullit-te-kaluar\/","title":{"rendered":"Ulsi Manja: Do t\u00eb digjitalizojm\u00eb arkiv\u00ebn e Sh\u00ebrbimit t\u00eb Prov\u00ebs! Nuk mund t\u00eb pretendojm\u00eb sh\u00ebrbim modern me metoda t\u00eb shekullit t\u00eb kaluar"},"content":{"rendered":"<p>Ministri i Drejt\u00ebsis\u00eb, Ulsi Manja, ka b\u00ebr\u00eb me dije se shum\u00eb shpejt do t\u00eb filloj\u00eb digjitalizimi i arkiv\u00ebs 13-vje\u00e7are t\u00eb Sh\u00ebrbimit t\u00eb Prov\u00ebs.<\/p>\n<p>P\u00ebrmes nj\u00eb postimi n\u00eb rrjetet sociale, Manja shton se nuk mund t\u00eb pretendohet nj\u00eb sh\u00ebrbim modern p\u00ebr qytetar\u00ebt, me metoda t\u00eb vjetra.<\/p>\n<p>\u201cShum\u00eb shpejt do t\u00eb nisim digjitalizimin e arkiv\u00ebs 13 vje\u00e7are t\u00eb Sh\u00ebrbimit t\u00eb Prov\u00ebs! Nuk mund t\u00eb pretendojm\u00eb sh\u00ebrbim modern p\u00ebr qytetarin, me metoda t\u00eb shekullit t\u00eb kaluar!\u201d, shkruan ai.<\/p>\n<p>M\u00eb her\u00ebt, pa p\u00ebrfundimit t\u00eb Mbledhjes se Qeveris\u00eb, Manja tha se n\u00eb dikasterin q\u00eb ai drejton, ishin marr\u00eb tre vendime. E para kishte t\u00eb b\u00ebnte p\u00ebr miratimin e nivelit t\u00eb pagave n\u00eb rrjetin e koordinator\u00ebve t\u00eb nj\u00ebsis\u00eb anti-korrupsion. E dyta me ndryshimet n\u00eb rregulloren e burgjeve dhe e treta me vendosjen e nj\u00eb standardi t\u00eb ri p\u00ebr p\u00ebrkthyesit.<\/p>\n<p>\u201cVendimi i par\u00eb ka t\u00eb b\u00ebj\u00eb me nj\u00ebsin\u00eb antikorrupsion. \u00cbsht\u00eb miratuar niveli i pagave p\u00ebr rrjetin e koordinator\u00ebve antikorrupsion. Kjo \u00ebsht\u00eb nj\u00eb shprehje e vullnetit t\u00eb qart\u00eb e qeveris\u00eb p\u00ebr t\u00eb goditur korrupsionin. Vendimi i 2, ka t\u00eb b\u00ebj\u00eb me miratimin e rregullores s\u00eb burgjeve.<\/p>\n<p>Sot m\u00eb n\u00eb fund kemi n\u00eb fuqi nj\u00eb rregullore t\u00eb re p\u00ebr burgjet i cili \u00ebsht\u00eb dokument i r\u00ebnd\u00ebsish\u00ebm q\u00eb garanton funksionimin e burgjeve, n\u00eb p\u00ebrputhje me dokumentet komb\u00ebtare e nd\u00ebrkomb\u00ebtare. Po ashtu n\u00eb rregullore kan\u00eb gjetur vendin edhe rekomandimin e organizatave nd\u00ebrkomb\u00ebtare, si dhe avokati i popullit. \u00cbsht\u00eb nj\u00eb rregullore bashk\u00ebkohore q\u00eb e afron Shqip\u00ebrin\u00eb ne BE, edhe n\u00eb trajtimin e paraburgosurve. Vendimi i 3 ka t\u00eb b\u00ebj\u00eb me procedur\u00ebn p\u00ebr p\u00ebrkthyesit zyrtar\u00eb. \u00cbsht\u00eb nj\u00eb standard i ri, sidomos kur ka t\u00eb b\u00ebj\u00eb me takime zyrtare. I nj\u00ebjti trajtim dhe mbrojte si\u00e7 marrim p\u00ebr magjistrat\u00ebt\u201d, tha Manja.<\/p>","protected":false},"excerpt":{"rendered":"<p>Ministri i Drejt\u00ebsis\u00eb, Ulsi Manja, ka b\u00ebr\u00eb me dije se shum\u00eb shpejt do t\u00eb filloj\u00eb digjitalizimi i arkiv\u00ebs 13-vje\u00e7are t\u00eb Sh\u00ebrbimit t\u00eb Prov\u00ebs. P\u00ebrmes nj\u00eb postimi n\u00eb rrjetet sociale, Manja shton se nuk mund t\u00eb pretendohet nj\u00eb sh\u00ebrbim modern p\u00ebr qytetar\u00ebt, me metoda t\u00eb vjetra. \u201cShum\u00eb shpejt do t\u00eb nisim digjitalizimin e arkiv\u00ebs 13 vje\u00e7are [&hellip;]<\/p>\n","protected":false},"author":2030,"featured_media":249412,"comment_status":"closed","ping_status":"closed","sticky":false,"template":"","format":"standard","meta":{"footnotes":""},"categories":[241,3366,5380,231,1454],"tags":[],"class_list":{"0":"post-249411","1":"post","2":"type-post","3":"status-publish","4":"format-standard","5":"has-post-thumbnail","7":"category-aktualitet","8":"category-koment","9":"category-kryesore","10":"category-lajme","11":"category-politike"},"_links":{"self":[{"href":"https:\/\/zjarr.tv\/en\/wp-json\/wp\/v2\/posts\/249411","targetHints":{"allow":["GET"]}}],"collection":[{"href":"https:\/\/zjarr.tv\/en\/wp-json\/wp\/v2\/posts"}],"about":[{"href":"https:\/\/zjarr.tv\/en\/wp-json\/wp\/v2\/types\/post"}],"author":[{"embeddable":true,"href":"https:\/\/zjarr.tv\/en\/wp-json\/wp\/v2\/users\/2030"}],"replies":[{"embeddable":true,"href":"https:\/\/zjarr.tv\/en\/wp-json\/wp\/v2\/comments?post=249411"}],"version-history":[{"count":0,"href":"https:\/\/zjarr.tv\/en\/wp-json\/wp\/v2\/posts\/249411\/revisions"}],"wp:featuredmedia":[{"embeddable":true,"href":"https:\/\/zjarr.tv\/en\/wp-json\/wp\/v2\/media\/249412"}],"wp:attachment":[{"href":"https:\/\/zjarr.tv\/en\/wp-json\/wp\/v2\/media?parent=249411"}],"wp:term":[{"taxonomy":"category","embeddable":true,"href":"https:\/\/zjarr.tv\/en\/wp-json\/wp\/v2\/categories?post=249411"},{"taxonomy":"post_tag","embeddable":true,"href":"https:\/\/zjarr.tv\/en\/wp-json\/wp\/v2\/tags?post=249411"}],"curies":[{"name":"wp","href":"https:\/\/api.w.org\/{rel}","templated":true}]}}