{"id":249423,"date":"2022-04-06T18:04:34","date_gmt":"2022-04-06T16:04:34","guid":{"rendered":"https:\/\/zjarr.tv\/?p=249423"},"modified":"2022-04-06T18:04:34","modified_gmt":"2022-04-06T16:04:34","slug":"avokatja-e-popullit-flet-per-dhunen-ndaj-grave-ne-politike-asnje-fjale-per-diskriminimin-ndaj-prokurores-imeraj-si-maloke","status":"publish","type":"post","link":"https:\/\/zjarr.tv\/en\/avokatja-e-popullit-flet-per-dhunen-ndaj-grave-ne-politike-asnje-fjale-per-diskriminimin-ndaj-prokurores-imeraj-si-maloke\/","title":{"rendered":"Avokatja e Popullit flet p\u00ebr dhun\u00ebn ndaj grave n\u00eb politik\u00eb, asnj\u00eb fjal\u00eb p\u00ebr diskriminimin ndaj prokurores Imeraj \u2018si maloke\u2019"},"content":{"rendered":"<p>Avokatja e Popullit Erinda Ballanca ka th\u00ebn\u00eb sot se zonjat q\u00eb marrin pjes\u00eb n\u00eb politik\u00eb p\u00ebrjetojn\u00eb shum\u00eb v\u00ebshtir\u00ebsi. Ajo e b\u00ebri deklarat\u00ebn gjat\u00eb prezantimit t\u00eb studimit t\u00eb UNDP me tem\u00eb \u2018Dhuna ndaj grave n\u00eb politik\u00eb\u2019.<\/p>\n<p>Ballanca theksoi se ka shum\u00eb pun\u00eb p\u00ebr t\u2019u b\u00ebr\u00eb p\u00ebr t\u00eb mos pranuar sjellje t\u00eb dhunshme apo gjuh\u00eb denigruese ndaj grave n\u00eb politik\u00eb.<\/p>\n<p>\u201cKur lexova raportin u ndjeva krejt e pafuqishme pasi edhe perceptimi im lidhur me dhun\u00ebn n\u00eb baz\u00eb gjinore nuk e kisha kuptuar n\u00eb \u00e7far\u00eb shkalle zonjat q\u00eb jan\u00eb n\u00eb politik\u00eb e ndjejn\u00eb \u00e7\u00ebshtjen e t\u00eb qenit gra dhe t\u00eb shkuarit p\u00ebrpara.<\/p>\n<p>T\u00eb dh\u00ebnat e k\u00ebtij raporti tregojn\u00eb se \u00e7far\u00eb shoq\u00ebria jon\u00eb u b\u00ebn grave q\u00eb jan\u00eb n\u00eb politik\u00eb. E shoh se v\u00ebrtet zonjat q\u00eb marrin pjes\u00eb n\u00eb politik\u00eb kan\u00eb nj\u00eb v\u00ebshtir\u00ebsi t\u00eb madhe n\u00eb m\u00ebnyr\u00ebn si priten nga shoq\u00ebria. Kemi shum\u00eb p\u00ebr t\u00eb b\u00ebr\u00eb p\u00ebr t\u00eb mos pranuar sjellje t\u00eb dhunshme apo gjuh\u00eb denigruese, apo n\u00ebnvler\u00ebsim q\u00eb e b\u00ebjn\u00eb cil\u00ebndo grua t\u00eb mos e vijoj\u00eb kontributin e vet, t\u00eb mos kandidoj\u00eb. Politika shqiptare ka nevoj\u00eb p\u00ebr grat\u00eb q\u00eb t\u00eb jet\u00eb m\u00eb e mir\u00eb.\u201d\u00ad \u2013 tha Ballanca.<\/p>\n<p>Duhet th\u00ebn\u00eb se Avokatja e Popullit nuk ka ende nj\u00eb q\u00ebndrim lidhur me diskriminimin krahinor t\u00eb shfaqur n\u00eb procesin e vetingut ndaj prokurores Elisabet Imeraj.<\/p>\n<p>Gjat\u00eb procesit, ish-kryetarja e Komisionit t\u00eb Pavarur t\u00eb Kualifikimit Genta Bungo ka k\u00ebrkuar shkarkimin e Imerajt duke qen\u00eb se largimi i saj do ishte \u2018nj\u00eb maloke\u2019 m\u00eb pak.<\/p>","protected":false},"excerpt":{"rendered":"<p>Avokatja e Popullit Erinda Ballanca ka th\u00ebn\u00eb sot se zonjat q\u00eb marrin pjes\u00eb n\u00eb politik\u00eb p\u00ebrjetojn\u00eb shum\u00eb v\u00ebshtir\u00ebsi. Ajo e b\u00ebri deklarat\u00ebn gjat\u00eb prezantimit t\u00eb studimit t\u00eb UNDP me tem\u00eb \u2018Dhuna ndaj grave n\u00eb politik\u00eb\u2019. Ballanca theksoi se ka shum\u00eb pun\u00eb p\u00ebr t\u2019u b\u00ebr\u00eb p\u00ebr t\u00eb mos pranuar sjellje t\u00eb dhunshme apo gjuh\u00eb denigruese ndaj [&hellip;]<\/p>\n","protected":false},"author":2030,"featured_media":249424,"comment_status":"closed","ping_status":"closed","sticky":false,"template":"","format":"standard","meta":{"footnotes":""},"categories":[241,5380,231],"tags":[],"class_list":{"0":"post-249423","1":"post","2":"type-post","3":"status-publish","4":"format-standard","5":"has-post-thumbnail","7":"category-aktualitet","8":"category-kryesore","9":"category-lajme"},"_links":{"self":[{"href":"https:\/\/zjarr.tv\/en\/wp-json\/wp\/v2\/posts\/249423","targetHints":{"allow":["GET"]}}],"collection":[{"href":"https:\/\/zjarr.tv\/en\/wp-json\/wp\/v2\/posts"}],"about":[{"href":"https:\/\/zjarr.tv\/en\/wp-json\/wp\/v2\/types\/post"}],"author":[{"embeddable":true,"href":"https:\/\/zjarr.tv\/en\/wp-json\/wp\/v2\/users\/2030"}],"replies":[{"embeddable":true,"href":"https:\/\/zjarr.tv\/en\/wp-json\/wp\/v2\/comments?post=249423"}],"version-history":[{"count":0,"href":"https:\/\/zjarr.tv\/en\/wp-json\/wp\/v2\/posts\/249423\/revisions"}],"wp:featuredmedia":[{"embeddable":true,"href":"https:\/\/zjarr.tv\/en\/wp-json\/wp\/v2\/media\/249424"}],"wp:attachment":[{"href":"https:\/\/zjarr.tv\/en\/wp-json\/wp\/v2\/media?parent=249423"}],"wp:term":[{"taxonomy":"category","embeddable":true,"href":"https:\/\/zjarr.tv\/en\/wp-json\/wp\/v2\/categories?post=249423"},{"taxonomy":"post_tag","embeddable":true,"href":"https:\/\/zjarr.tv\/en\/wp-json\/wp\/v2\/tags?post=249423"}],"curies":[{"name":"wp","href":"https:\/\/api.w.org\/{rel}","templated":true}]}}