{"id":249427,"date":"2022-04-06T18:10:06","date_gmt":"2022-04-06T16:10:06","guid":{"rendered":"https:\/\/zjarr.tv\/?p=249427"},"modified":"2022-04-06T18:10:06","modified_gmt":"2022-04-06T16:10:06","slug":"rama-thelbi-i-kongresit-bashkimi-dhe-jo-ndarja-ja-kerkesa-per-deputetet","status":"publish","type":"post","link":"https:\/\/zjarr.tv\/en\/rama-thelbi-i-kongresit-bashkimi-dhe-jo-ndarja-ja-kerkesa-per-deputetet\/","title":{"rendered":"Rama: Thelbi i Kongresit bashkimi dhe jo ndarja. Ja k\u00ebrkesa p\u00ebr deputet\u00ebt"},"content":{"rendered":"<p>Kryeministri Edi Rama e ka cil\u00ebsuar Kongresin e t\u00eb shtun\u00ebs si nj\u00eb ngjarje t\u00eb r\u00ebnd\u00ebsishme p\u00ebr qeverisjen e PS me n\u00eb thelb bashkimin dhe jo ndarjen.<\/p>\n<p>Rama u k\u00ebrkoi deputet\u00ebve q\u00eb n\u00eb mbledhjen e t\u00eb shtun\u00ebs t\u00eb jen\u00eb aktiv\u00eb sipas zonave q\u00eb mbulojn\u00eb p\u00ebr t\u00eb p\u00ebrmbushur angazhimet.<\/p>\n<p>\u201cN\u00eb fund t\u00eb Kongresit t\u00eb gjith\u00eb organizator\u00ebt e paneleve do t\u00eb b\u00ebjn\u00eb p\u00ebr publikun nj\u00eb p\u00ebrmbledhje t\u00eb pun\u00ebs p\u00ebr temat e mprehta dhe do t\u00eb p\u00ebrcaktoj\u00eb edhe piketat mbi t\u00eb cilat me tej Kryesia dhe Grupi parlamentar do t\u00eb punojn\u00eb p\u00ebr t\u2019i realizuar angazhimet.<\/p>\n<p>Koha n\u00eb t\u00eb cil\u00ebn mblidhet ky Kongres \u00ebsht\u00eb nj\u00eb koh\u00eb e jasht\u00ebzakonshme q\u00eb na ka prekur dhe ne nga agresioni rusk u siguria \u00ebsht\u00eb kthyer n\u00eb nj\u00eb prioritet. Do t\u00eb jet\u00eb nj\u00eb bashkim me nj\u00eb p\u00ebrballje koh\u00eb jo t\u00eb zakonshme. Thelbi \u00ebsht\u00eb bashkimi dhe jo ndarja. Bashkimi p\u00ebr t\u00eb r\u00ebn\u00eb dakord p\u00ebr t\u00eb mos l\u00ebshuar korsin\u00eb e zhvillimit t\u00eb m\u00ebtejsh\u00ebm. Ne fund do t\u00eb doja t\u2019ju k\u00ebrkoja angazhim gjith\u00eb dit\u00ebn e Kongresit nga ana e deputeteve. T\u00eb ndihmojm\u00eb nj\u00ebri-tjetrin p\u00ebr t\u00eb dal\u00eb te vendimet e r\u00ebnd\u00ebsishme. Ky Kongres ka nj\u00eb\u00a0 r\u00ebnd\u00ebsi t\u00eb vecant\u00eb p\u00ebr qeverisjen e PS\u201d<\/p>","protected":false},"excerpt":{"rendered":"<p>Kryeministri Edi Rama e ka cil\u00ebsuar Kongresin e t\u00eb shtun\u00ebs si nj\u00eb ngjarje t\u00eb r\u00ebnd\u00ebsishme p\u00ebr qeverisjen e PS me n\u00eb thelb bashkimin dhe jo ndarjen. Rama u k\u00ebrkoi deputet\u00ebve q\u00eb n\u00eb mbledhjen e t\u00eb shtun\u00ebs t\u00eb jen\u00eb aktiv\u00eb sipas zonave q\u00eb mbulojn\u00eb p\u00ebr t\u00eb p\u00ebrmbushur angazhimet. \u201cN\u00eb fund t\u00eb Kongresit t\u00eb gjith\u00eb organizator\u00ebt e [&hellip;]<\/p>\n","protected":false},"author":2030,"featured_media":249428,"comment_status":"closed","ping_status":"closed","sticky":false,"template":"","format":"standard","meta":{"footnotes":""},"categories":[241,3366,5380,231,1454],"tags":[],"class_list":{"0":"post-249427","1":"post","2":"type-post","3":"status-publish","4":"format-standard","5":"has-post-thumbnail","7":"category-aktualitet","8":"category-koment","9":"category-kryesore","10":"category-lajme","11":"category-politike"},"_links":{"self":[{"href":"https:\/\/zjarr.tv\/en\/wp-json\/wp\/v2\/posts\/249427","targetHints":{"allow":["GET"]}}],"collection":[{"href":"https:\/\/zjarr.tv\/en\/wp-json\/wp\/v2\/posts"}],"about":[{"href":"https:\/\/zjarr.tv\/en\/wp-json\/wp\/v2\/types\/post"}],"author":[{"embeddable":true,"href":"https:\/\/zjarr.tv\/en\/wp-json\/wp\/v2\/users\/2030"}],"replies":[{"embeddable":true,"href":"https:\/\/zjarr.tv\/en\/wp-json\/wp\/v2\/comments?post=249427"}],"version-history":[{"count":0,"href":"https:\/\/zjarr.tv\/en\/wp-json\/wp\/v2\/posts\/249427\/revisions"}],"wp:featuredmedia":[{"embeddable":true,"href":"https:\/\/zjarr.tv\/en\/wp-json\/wp\/v2\/media\/249428"}],"wp:attachment":[{"href":"https:\/\/zjarr.tv\/en\/wp-json\/wp\/v2\/media?parent=249427"}],"wp:term":[{"taxonomy":"category","embeddable":true,"href":"https:\/\/zjarr.tv\/en\/wp-json\/wp\/v2\/categories?post=249427"},{"taxonomy":"post_tag","embeddable":true,"href":"https:\/\/zjarr.tv\/en\/wp-json\/wp\/v2\/tags?post=249427"}],"curies":[{"name":"wp","href":"https:\/\/api.w.org\/{rel}","templated":true}]}}