{"id":249431,"date":"2022-04-06T18:11:31","date_gmt":"2022-04-06T16:11:31","guid":{"rendered":"https:\/\/zjarr.tv\/?p=249431"},"modified":"2022-04-06T18:11:31","modified_gmt":"2022-04-06T16:11:31","slug":"rama-ne-asamble-ps-do-te-fitoje-nese-do-te-vijoje-te-jete-opozite-e-vetvetes","status":"publish","type":"post","link":"https:\/\/zjarr.tv\/en\/rama-ne-asamble-ps-do-te-fitoje-nese-do-te-vijoje-te-jete-opozite-e-vetvetes\/","title":{"rendered":"Rama n\u00eb Asamble: PS do t\u00eb fitoj\u00eb n\u00ebse do t\u00eb vijoj\u00eb t\u00eb jet\u00eb opozit\u00eb e vetvetes"},"content":{"rendered":"<p>\u201cPartia Socialiste do t\u00eb fitoj\u00eb n\u00ebse do t\u00eb vijoj\u00eb t\u00eb jet\u00eb opozit\u00eb e vetvetes\u201d, k\u00ebshtu u shpreh kryeministri Edi Rama, gjat\u00eb fjal\u00ebs s\u00eb tij n\u00eb mbledhjen e Asambles\u00eb s\u00eb PS.<\/p>\n<p>\u201cDo t\u00eb kalojm\u00eb n\u00eb sesionin tjet\u00ebr ku p\u00ebrve\u00e7 fjal\u00ebs sime si zakonisht do t\u00eb ket\u00eb fokus n\u00eb disa drejtime t\u00eb r\u00ebnd\u00ebsishme, do t\u00eb flasim p\u00ebr K\u00ebshillimin Komb\u00ebtar, rezultatet q\u00eb do t\u00eb publikohen nga qeveria nes\u00ebr. \u00c7\u00ebshtja e angazhimit politik si nj\u00eb \u00e7\u00ebshtje shum\u00eb e madhe sot, e k\u00ebndv\u00ebshtrimit shoq\u00ebror dhe politik\u00ebs, duke pasur parasysh domosdoshm\u00ebrin\u00eb e nj\u00eb hapje t\u00eb vazhdueshme t\u00eb politik\u00ebs p\u00ebr t\u00eb tjer\u00ebt, natyrisht p\u00ebr t\u00eb rinjt\u00eb, por edhe p\u00ebr forca t\u00eb tjera t\u00eb shoq\u00ebris\u00eb. K\u00ebtu sfid\u00ebn e madhe t\u00eb k\u00ebsaj partie q\u00eb mendoj do ta fitoj\u00eb n\u00ebse do t\u00eb jet\u00eb opozit\u00eb e vetvetes n\u00eb sensin m\u00eb t\u00eb mir\u00eb t\u00eb fjal\u00ebs dhe do t\u00eb ec\u00eb me ritmin e nj\u00eb vet\u00ebreformimi organik, pa pritur q\u00eb t\u00eb tjer\u00eb t\u00eb v\u00ebn\u00eb n\u00eb pah nevoj\u00ebn p\u00ebr reformim. Po ashtu \u00ebsht\u00eb pjesa q\u00eb ka t\u00eb b\u00ebj\u00eb me sfidat e procesit legjislativ dhe sfida m\u00eb e madhe e pazgjidhur e nj\u00eb marr\u00ebdh\u00ebnie t\u00eb re organike mes p\u00ebrfaq\u00ebsuesve t\u00eb zgjedhur nga njer\u00ebzit dhe zgjedh\u00ebsit e tyre. Po ashtu t\u00eb gjith\u00eb sekretar\u00ebt do t\u00eb raportojn\u00eb p\u00ebrpara Kongresit . Me k\u00ebrkese t\u00eb sekretarit t\u00eb p\u00ebrgjithsh\u00ebm e konsideroj t\u00eb nevojshme q\u00eb Kongresi t\u00eb marr\u00eb n\u00eb konsiderat\u00eb zgjerimin e sekretariatit me dy sekretar\u00eb t\u00eb tjer\u00eb. Diskutimet do t\u00eb lidhen edhe m\u00eb k\u00ebndv\u00ebshtrimin e pun\u00ebs s\u00eb m\u00ebtejshme t\u00eb sekretariatit dhe statusin e PS. Kjo \u00ebsht\u00eb pamja e Kongresit p\u00ebr t\u00eb mos hyr\u00eb detaje t\u00eb tjera\u201d, tha nd\u00ebr t\u00eb tjera Rama.<\/p>","protected":false},"excerpt":{"rendered":"<p>\u201cPartia Socialiste do t\u00eb fitoj\u00eb n\u00ebse do t\u00eb vijoj\u00eb t\u00eb jet\u00eb opozit\u00eb e vetvetes\u201d, k\u00ebshtu u shpreh kryeministri Edi Rama, gjat\u00eb fjal\u00ebs s\u00eb tij n\u00eb mbledhjen e Asambles\u00eb s\u00eb PS. \u201cDo t\u00eb kalojm\u00eb n\u00eb sesionin tjet\u00ebr ku p\u00ebrve\u00e7 fjal\u00ebs sime si zakonisht do t\u00eb ket\u00eb fokus n\u00eb disa drejtime t\u00eb r\u00ebnd\u00ebsishme, do t\u00eb flasim p\u00ebr [&hellip;]<\/p>\n","protected":false},"author":2030,"featured_media":249432,"comment_status":"closed","ping_status":"closed","sticky":false,"template":"","format":"standard","meta":{"footnotes":""},"categories":[241,3366,5380,231],"tags":[],"class_list":{"0":"post-249431","1":"post","2":"type-post","3":"status-publish","4":"format-standard","5":"has-post-thumbnail","7":"category-aktualitet","8":"category-koment","9":"category-kryesore","10":"category-lajme"},"_links":{"self":[{"href":"https:\/\/zjarr.tv\/en\/wp-json\/wp\/v2\/posts\/249431","targetHints":{"allow":["GET"]}}],"collection":[{"href":"https:\/\/zjarr.tv\/en\/wp-json\/wp\/v2\/posts"}],"about":[{"href":"https:\/\/zjarr.tv\/en\/wp-json\/wp\/v2\/types\/post"}],"author":[{"embeddable":true,"href":"https:\/\/zjarr.tv\/en\/wp-json\/wp\/v2\/users\/2030"}],"replies":[{"embeddable":true,"href":"https:\/\/zjarr.tv\/en\/wp-json\/wp\/v2\/comments?post=249431"}],"version-history":[{"count":0,"href":"https:\/\/zjarr.tv\/en\/wp-json\/wp\/v2\/posts\/249431\/revisions"}],"wp:featuredmedia":[{"embeddable":true,"href":"https:\/\/zjarr.tv\/en\/wp-json\/wp\/v2\/media\/249432"}],"wp:attachment":[{"href":"https:\/\/zjarr.tv\/en\/wp-json\/wp\/v2\/media?parent=249431"}],"wp:term":[{"taxonomy":"category","embeddable":true,"href":"https:\/\/zjarr.tv\/en\/wp-json\/wp\/v2\/categories?post=249431"},{"taxonomy":"post_tag","embeddable":true,"href":"https:\/\/zjarr.tv\/en\/wp-json\/wp\/v2\/tags?post=249431"}],"curies":[{"name":"wp","href":"https:\/\/api.w.org\/{rel}","templated":true}]}}