{"id":249435,"date":"2022-04-06T18:13:12","date_gmt":"2022-04-06T16:13:12","guid":{"rendered":"https:\/\/zjarr.tv\/?p=249435"},"modified":"2022-04-06T18:13:12","modified_gmt":"2022-04-06T16:13:12","slug":"mblidhet-asambleja-e-ps-rama-kongresi-kete-here-do-te-jete-krejt-ndryshe-ne-pjesen-e-pare","status":"publish","type":"post","link":"https:\/\/zjarr.tv\/en\/mblidhet-asambleja-e-ps-rama-kongresi-kete-here-do-te-jete-krejt-ndryshe-ne-pjesen-e-pare\/","title":{"rendered":"Mblidhet Asambleja e PS\/ Rama: Kongresi k\u00ebt\u00eb her\u00eb do t\u00eb jet\u00eb krejt ndryshe, n\u00eb pjes\u00ebn e par\u00eb\u2026"},"content":{"rendered":"<p>Kryeministri Edi Rama ka zbardhur \u00e7far\u00eb do t\u00eb ndodh n\u00eb Kongresin e s\u00eb shtun\u00ebs. Rama tha se Kongresi i PS k\u00ebt\u00eb her\u00eb do t\u00eb jet\u00eb krejt ndryshe nga her\u00ebt e tjera nga pik\u00ebpamja e organizimit dhe se do ket\u00eb nj\u00eb num\u00ebr panelesh t\u00eb shtrira jasht\u00eb sall\u00ebs s\u00eb Kongreseve, qoft\u00eb n\u00eb pjes\u00ebn p\u00ebrpara saj, qoft\u00eb n\u00eb bulevard, qoft\u00eb tek sheshi N\u00ebn\u00eb Tereza, qoft\u00eb tek Sheshi Italia.<\/p>\n<p>Sa i p\u00ebrket temave ai ta se do t\u2019i kushtohen politik\u00ebs s\u00eb jashtme, marr\u00ebdh\u00ebniet tona me Europ\u00ebn, tek tema e energjis\u00eb q\u00eb sot ka nj\u00eb r\u00ebnd\u00ebsi dhe t\u00eb m\u00eb t\u00eb ve\u00e7ant\u00eb.<\/p>\n<p>\u201cK\u00ebt\u00eb format e gjykuam m\u00eb t\u00eb arsyesh\u00ebm duke pasur parasysh q\u00eb pas pak dit\u00ebsh do t\u00eb mblidhemi n\u00eb kongresin e PS-s\u00eb dhe nuk e pam\u00eb t\u00eb udh\u00ebs t\u00eb angazhonim 2 her\u00eb brenda 2-3 dit\u00ebsh t\u00eb gjith\u00eb ju p\u00ebr t\u00eb b\u00ebr\u00eb l\u00ebvizje dhe p\u00ebr t\u00eb kaluar nj\u00eb pjes\u00eb t\u00eb madhe t\u00eb koh\u00ebs k\u00ebtu n\u00eb Tiran\u00eb.<\/p>\n<p>Nga ana tjet\u00ebr sigurisht q\u00eb ky format besoj q\u00eb \u00ebsht\u00eb dhe shum\u00eb i favorsh\u00ebm dhe sa i p\u00ebrket mund\u00ebsis\u00eb q\u00eb secili t\u00eb jap\u00eb kontributin e tyre.<\/p>\n<p>Nj\u00ebri prej sesioneve do jet\u00eb i dedikuar p\u00ebr diskutimin brenda an\u00ebtar\u00ebsis\u00eb s\u00eb Kongresit. Kongresi k\u00ebt\u00eb her\u00eb do t\u00eb jet\u00eb krejt ndryshe nga her\u00ebt e tjera nga pik\u00ebpamja e organizimit pasi do t\u00eb jet\u00eb nj\u00eb kongres n\u00eb pjes\u00ebn e par\u00eb i hapur p\u00ebr grupet e interesit, p\u00ebr faktor\u00eb shoq\u00ebror\u00eb t\u00eb ftuar apo q\u00eb do t\u00eb d\u00ebshirojn\u00eb t\u00eb na bashkohen. N\u00eb nj\u00eb num\u00ebr panelesh t\u00eb shtrira jasht\u00eb sall\u00ebs s\u00eb Kongreseve, qoft\u00eb n\u00eb pjes\u00ebn p\u00ebrpara saj, qoft\u00eb n\u00eb bulevard, qoft\u00eb tek sheshi N\u00ebn\u00eb Tereza, qoft\u00eb tek Sheshi Italia, ku do t\u2019i kushtohemi disa temave q\u00eb n\u00eb diskutimet tona n\u00eb kryesin\u00eb e partis\u00eb i kemi identifikuar si tema t\u00eb nj\u00eb r\u00ebnd\u00ebsie t\u00eb dor\u00ebs s\u00eb par\u00eb n\u00eb k\u00ebt\u00eb moment, por edhe n\u00eb perspektiv\u00ebn e k\u00ebtij mandati t\u00eb tret\u00eb. Duke filluar nga tema e politik\u00ebs s\u00eb jashtme, Shqip\u00ebria-rajoni, natyrisht marr\u00ebdh\u00ebniet tona me Europ\u00ebn, tek tema e energjis\u00eb q\u00eb sot ka nj\u00eb r\u00ebnd\u00ebsi dhe t\u00eb m\u00eb t\u00eb ve\u00e7ant\u00eb, s\u00eb bashku e mjedisin dhe l\u00ebvizshm\u00ebrin\u00eb, pra me transportet, tek tema tjet\u00ebr e sh\u00ebndetit dhe e mir\u00ebqenies shoq\u00ebrore dhe tek tema e rinis\u00eb dhe inovacionit. Jan\u00eb k\u00ebto panele q\u00eb do t\u00eb moderohen nga an\u00ebtar\u00eb t\u00eb Kryesis\u00eb s\u00eb PS-s\u00eb s\u00eb bashku me an\u00ebtar\u00eb t\u00eb kabinetit qeveritar, po ku do t\u00eb jen\u00eb t\u00eb ftuar t\u00eb marrin pjes\u00eb n\u00eb m\u00ebnyr\u00eb aktive edhe t\u00eb ftuar t\u00eb tjer\u00eb sipas fushave\u201d, deklaroi Rama<\/p>","protected":false},"excerpt":{"rendered":"<p>Kryeministri Edi Rama ka zbardhur \u00e7far\u00eb do t\u00eb ndodh n\u00eb Kongresin e s\u00eb shtun\u00ebs. Rama tha se Kongresi i PS k\u00ebt\u00eb her\u00eb do t\u00eb jet\u00eb krejt ndryshe nga her\u00ebt e tjera nga pik\u00ebpamja e organizimit dhe se do ket\u00eb nj\u00eb num\u00ebr panelesh t\u00eb shtrira jasht\u00eb sall\u00ebs s\u00eb Kongreseve, qoft\u00eb n\u00eb pjes\u00ebn p\u00ebrpara saj, qoft\u00eb n\u00eb [&hellip;]<\/p>\n","protected":false},"author":2030,"featured_media":249436,"comment_status":"closed","ping_status":"closed","sticky":false,"template":"","format":"standard","meta":{"footnotes":""},"categories":[241,3366,231,1454],"tags":[],"class_list":{"0":"post-249435","1":"post","2":"type-post","3":"status-publish","4":"format-standard","5":"has-post-thumbnail","7":"category-aktualitet","8":"category-koment","9":"category-lajme","10":"category-politike"},"_links":{"self":[{"href":"https:\/\/zjarr.tv\/en\/wp-json\/wp\/v2\/posts\/249435","targetHints":{"allow":["GET"]}}],"collection":[{"href":"https:\/\/zjarr.tv\/en\/wp-json\/wp\/v2\/posts"}],"about":[{"href":"https:\/\/zjarr.tv\/en\/wp-json\/wp\/v2\/types\/post"}],"author":[{"embeddable":true,"href":"https:\/\/zjarr.tv\/en\/wp-json\/wp\/v2\/users\/2030"}],"replies":[{"embeddable":true,"href":"https:\/\/zjarr.tv\/en\/wp-json\/wp\/v2\/comments?post=249435"}],"version-history":[{"count":0,"href":"https:\/\/zjarr.tv\/en\/wp-json\/wp\/v2\/posts\/249435\/revisions"}],"wp:featuredmedia":[{"embeddable":true,"href":"https:\/\/zjarr.tv\/en\/wp-json\/wp\/v2\/media\/249436"}],"wp:attachment":[{"href":"https:\/\/zjarr.tv\/en\/wp-json\/wp\/v2\/media?parent=249435"}],"wp:term":[{"taxonomy":"category","embeddable":true,"href":"https:\/\/zjarr.tv\/en\/wp-json\/wp\/v2\/categories?post=249435"},{"taxonomy":"post_tag","embeddable":true,"href":"https:\/\/zjarr.tv\/en\/wp-json\/wp\/v2\/tags?post=249435"}],"curies":[{"name":"wp","href":"https:\/\/api.w.org\/{rel}","templated":true}]}}