{"id":249459,"date":"2022-04-06T18:35:22","date_gmt":"2022-04-06T16:35:22","guid":{"rendered":"https:\/\/zjarr.tv\/?p=249459"},"modified":"2022-04-06T18:35:22","modified_gmt":"2022-04-06T16:35:22","slug":"siguri-energjetike-per-dy-vjet-balluku-kemi-marre-dy-anije-me-qira-per-prodhimin-e-energjise-elektrike","status":"publish","type":"post","link":"https:\/\/zjarr.tv\/en\/siguri-energjetike-per-dy-vjet-balluku-kemi-marre-dy-anije-me-qira-per-prodhimin-e-energjise-elektrike\/","title":{"rendered":"Siguri energjetike p\u00ebr dy vjet, Balluku: Kemi marr\u00eb dy anije me qira p\u00ebr prodhimin e energjis\u00eb elektrike"},"content":{"rendered":"<p>Ministrja e Infrastruktur\u00ebs dhe Energjis\u00eb, Belinda Balluku thot\u00eb se n\u00eb Triport t\u00eb Vlor\u00ebs do t\u00eb ankorohen dy anije p\u00ebr prodhimin e energjis\u00eb elektrike, duke nisur k\u00ebshtu faz\u00ebn e par\u00eb t\u00eb TEC-it t\u00eb Vlor\u00ebs dhe duke garantuar energji p\u00ebr dy vjet. Drejtori Arb\u00ebr Avrami thot\u00eb se kjo \u00ebsht\u00eb nj\u00eb zgjidhje emergjente dhe siguron energji p\u00ebr dy vjet.<\/p>\n<p>\u201cMe mb\u00ebshtetjen edhe t\u00eb ambasadores amerikane dhe kompanis\u00eb q\u00eb punon p\u00ebr termocentralin e Vlor\u00ebs, kemi arritur marr\u00ebveshje p\u00ebr t\u00eb marr\u00eb me qira dhe p\u00ebr t\u00eb ankoruara n\u00eb Triport dy anije prodhuese t\u00eb energjis\u00eb elektrike, t\u00eb cilat do prodhojn\u00eb energji deri sa TEC-i t\u00eb vendoset n\u00eb pun\u00eb.<\/p>\n<p>Jan\u00eb termocentrale lundruese dhe nisim faz\u00ebn e par\u00eb t\u00eb TEC-it t\u00eb Vlor\u00ebs, se do t\u00eb na garantoj\u00eb pavar\u00ebsi energjetike q\u00eb do t\u00eb prodhohet nga ato anije, e kufizuar por edhe e misheluar. Do t\u00eb na jap\u00eb pavar\u00ebsi energjetike p\u00ebrgjat\u00eb ver\u00ebs. I jep frym\u00ebmarrje sektorit energjetik, detajet n\u00eb dit\u00ebt n\u00eb vazhdim\u201d.<\/p>","protected":false},"excerpt":{"rendered":"<p>Ministrja e Infrastruktur\u00ebs dhe Energjis\u00eb, Belinda Balluku thot\u00eb se n\u00eb Triport t\u00eb Vlor\u00ebs do t\u00eb ankorohen dy anije p\u00ebr prodhimin e energjis\u00eb elektrike, duke nisur k\u00ebshtu faz\u00ebn e par\u00eb t\u00eb TEC-it t\u00eb Vlor\u00ebs dhe duke garantuar energji p\u00ebr dy vjet. Drejtori Arb\u00ebr Avrami thot\u00eb se kjo \u00ebsht\u00eb nj\u00eb zgjidhje emergjente dhe siguron energji p\u00ebr dy [&hellip;]<\/p>\n","protected":false},"author":2030,"featured_media":249460,"comment_status":"closed","ping_status":"closed","sticky":false,"template":"","format":"standard","meta":{"footnotes":""},"categories":[241],"tags":[],"class_list":{"0":"post-249459","1":"post","2":"type-post","3":"status-publish","4":"format-standard","5":"has-post-thumbnail","7":"category-aktualitet"},"_links":{"self":[{"href":"https:\/\/zjarr.tv\/en\/wp-json\/wp\/v2\/posts\/249459","targetHints":{"allow":["GET"]}}],"collection":[{"href":"https:\/\/zjarr.tv\/en\/wp-json\/wp\/v2\/posts"}],"about":[{"href":"https:\/\/zjarr.tv\/en\/wp-json\/wp\/v2\/types\/post"}],"author":[{"embeddable":true,"href":"https:\/\/zjarr.tv\/en\/wp-json\/wp\/v2\/users\/2030"}],"replies":[{"embeddable":true,"href":"https:\/\/zjarr.tv\/en\/wp-json\/wp\/v2\/comments?post=249459"}],"version-history":[{"count":0,"href":"https:\/\/zjarr.tv\/en\/wp-json\/wp\/v2\/posts\/249459\/revisions"}],"wp:featuredmedia":[{"embeddable":true,"href":"https:\/\/zjarr.tv\/en\/wp-json\/wp\/v2\/media\/249460"}],"wp:attachment":[{"href":"https:\/\/zjarr.tv\/en\/wp-json\/wp\/v2\/media?parent=249459"}],"wp:term":[{"taxonomy":"category","embeddable":true,"href":"https:\/\/zjarr.tv\/en\/wp-json\/wp\/v2\/categories?post=249459"},{"taxonomy":"post_tag","embeddable":true,"href":"https:\/\/zjarr.tv\/en\/wp-json\/wp\/v2\/tags?post=249459"}],"curies":[{"name":"wp","href":"https:\/\/api.w.org\/{rel}","templated":true}]}}