{"id":249468,"date":"2022-04-06T18:40:40","date_gmt":"2022-04-06T16:40:40","guid":{"rendered":"https:\/\/zjarr.tv\/?p=249468"},"modified":"2022-04-06T18:40:40","modified_gmt":"2022-04-06T16:40:40","slug":"bledian-koka-yuri-kim-i-ferkon-gjoksin-qeverise-cdo-akt-i-saj-ka-cenuar-opoziten","status":"publish","type":"post","link":"https:\/\/zjarr.tv\/en\/bledian-koka-yuri-kim-i-ferkon-gjoksin-qeverise-cdo-akt-i-saj-ka-cenuar-opoziten\/","title":{"rendered":"Bledian Koka: Yuri Kim i &#8216;f\u00ebrkon&#8217; gjoksin qeveris\u00eb, \u00e7do akt i saj ka c\u00ebnuar opozit\u00ebn"},"content":{"rendered":"<p>Gazetari Bledian Koka komentoi n\u00eb edicionin e pasdites me Armela Ferkon n\u00eb Syri Tv situat\u00ebn n\u00eb Partin\u00eb Demokratike. Koka \u00ebsht\u00eb i mendimit se vendimi i gjykat\u00ebs p\u00ebr njohjen e Kuvendit t\u00eb 11 dhjetorit i ka \u00e7uar gj\u00ebrat n\u00eb v\u00ebndin e duhur nd\u00ebrsa p\u00ebr deklarat\u00ebn e Yuri Kim, Koka shtoi se ajo nuk do q\u00eb t\u00eb pranoj\u00eb k\u00ebt\u00eb vendim p\u00ebr njohjen e Rithemelimit.<\/p>\n<p>&#8220;Vendimi ka legjitimuar logjik\u00ebn politike q\u00eb ndodh brenda Partis\u00eb Demokratike. Ata q\u00eb u angazhuan fort, Basha dhe p\u00ebrfaq\u00ebsuesit e ambasadave kund\u00ebr vullnetit t\u00eb demokrat\u00ebve, nuk duan ta pranojn\u00eb vullnetin e gjykat\u00ebs. Sulmi dhe q\u00ebndrimet e dit\u00ebve t\u00eb fundit dhe ajo e ambasadores Yuri Kim po c\u00ebnojn\u00eb at\u00eb q\u00eb duhet t\u00eb ishte e padiskutueshme.&#8221;-tha Koka.<\/p>\n<p>Gazetari tha se Yuri Kim ka marr\u00eb n\u00eb mbrojtje edhe opozit\u00ebn fasad\u00eb pas djegies s\u00eb mandateve n\u00eb Partin\u00eb Demokratike.<\/p>\n<p>\u201cAktet e saj q\u00eb jan\u00eb nd\u00ebrmarr\u00eb kan\u00eb qen\u00eb n\u00eb c\u00ebnim dhe ndesh funksionimit t\u00eb opozicionit. Nj\u00eb ambasadore q\u00eb i f\u00ebrkon gjoksin Veliajt dhe performon e qeshur me \u00e7do an\u00ebtar t\u00eb k\u00ebsaj qeverie. Kim e di q\u00eb afer\u00ebn e incenerator\u00ebve nuk e ka b\u00ebr\u00eb Alqi Bllako, por nj\u00eb skem\u00eb korruptive nga ai q\u00eb firmos vendimet e qeveris\u00eb, Edi Rama.\u201d-u shpreh Koka.<\/p>\n<p>Nd\u00ebr t\u00eb tjera gazetari deklaroi se Kim s\u2019mund t\u00eb mbaj\u00eb q\u00ebndrim kritik ndaj Berish\u00ebs i cili \u00ebsht\u00eb z\u00ebri m\u00eb i madh opozitar dhe nd\u00ebrkoh\u00eb me nj\u00eb qeveri q\u00eb kur protestojn\u00eb qytetar\u00ebt i quajn\u00eb ato turp e mb\u00ebshtet.<\/p>\n<p>\u201cKur rreshtohet me pushtetar\u00ebt k\u00ebtu ka nj\u00eb problem, edhe dashamir\u00ebsia q\u00eb ti ke p\u00ebr mikesh\u00ebn, fillon \u00e7edojn\u00eb, sado q\u00eb t\u00eb jesh i ftoht\u00eb, provokimi nga k\u00ebto q\u00ebndrime \u00ebsht\u00eb i tepruar. Tre dit\u00eb Kim te kryesia e Kuvendit, dalim te ajo q\u00eb thot\u00eb Berisha, kemi t\u00eb b\u00ebjm\u00eb me nj\u00eb guvernatore. Mesazhi e ka nj\u00eb lloj\u00eb mase.\u201d-u shpreh Koka.<\/p>","protected":false},"excerpt":{"rendered":"<p>Gazetari Bledian Koka komentoi n\u00eb edicionin e pasdites me Armela Ferkon n\u00eb Syri Tv situat\u00ebn n\u00eb Partin\u00eb Demokratike. Koka \u00ebsht\u00eb i mendimit se vendimi i gjykat\u00ebs p\u00ebr njohjen e Kuvendit t\u00eb 11 dhjetorit i ka \u00e7uar gj\u00ebrat n\u00eb v\u00ebndin e duhur nd\u00ebrsa p\u00ebr deklarat\u00ebn e Yuri Kim, Koka shtoi se ajo nuk do q\u00eb t\u00eb [&hellip;]<\/p>\n","protected":false},"author":2030,"featured_media":249469,"comment_status":"closed","ping_status":"closed","sticky":false,"template":"","format":"standard","meta":{"footnotes":""},"categories":[241,3366,5380,231,1454],"tags":[],"class_list":{"0":"post-249468","1":"post","2":"type-post","3":"status-publish","4":"format-standard","5":"has-post-thumbnail","7":"category-aktualitet","8":"category-koment","9":"category-kryesore","10":"category-lajme","11":"category-politike"},"_links":{"self":[{"href":"https:\/\/zjarr.tv\/en\/wp-json\/wp\/v2\/posts\/249468","targetHints":{"allow":["GET"]}}],"collection":[{"href":"https:\/\/zjarr.tv\/en\/wp-json\/wp\/v2\/posts"}],"about":[{"href":"https:\/\/zjarr.tv\/en\/wp-json\/wp\/v2\/types\/post"}],"author":[{"embeddable":true,"href":"https:\/\/zjarr.tv\/en\/wp-json\/wp\/v2\/users\/2030"}],"replies":[{"embeddable":true,"href":"https:\/\/zjarr.tv\/en\/wp-json\/wp\/v2\/comments?post=249468"}],"version-history":[{"count":0,"href":"https:\/\/zjarr.tv\/en\/wp-json\/wp\/v2\/posts\/249468\/revisions"}],"wp:featuredmedia":[{"embeddable":true,"href":"https:\/\/zjarr.tv\/en\/wp-json\/wp\/v2\/media\/249469"}],"wp:attachment":[{"href":"https:\/\/zjarr.tv\/en\/wp-json\/wp\/v2\/media?parent=249468"}],"wp:term":[{"taxonomy":"category","embeddable":true,"href":"https:\/\/zjarr.tv\/en\/wp-json\/wp\/v2\/categories?post=249468"},{"taxonomy":"post_tag","embeddable":true,"href":"https:\/\/zjarr.tv\/en\/wp-json\/wp\/v2\/tags?post=249468"}],"curies":[{"name":"wp","href":"https:\/\/api.w.org\/{rel}","templated":true}]}}