{"id":249472,"date":"2022-04-06T18:54:13","date_gmt":"2022-04-06T16:54:13","guid":{"rendered":"https:\/\/zjarr.tv\/?p=249472"},"modified":"2022-04-06T18:54:13","modified_gmt":"2022-04-06T16:54:13","slug":"sali-berisha-njofton-proteste-kunder-diskriminimit-krahinor-ne-sistemin-e-drejtesise","status":"publish","type":"post","link":"https:\/\/zjarr.tv\/en\/sali-berisha-njofton-proteste-kunder-diskriminimit-krahinor-ne-sistemin-e-drejtesise\/","title":{"rendered":"Sali Berisha njofton protest\u00eb kund\u00ebr diskriminimit krahinor n\u00eb sistemin e drejt\u00ebsis\u00eb"},"content":{"rendered":"<p>Ish-kryeministri Sali Berisha ka njoftuar organizimin e nj\u00eb proteste q\u00eb thot\u00eb se do t\u00eb mbahet kund\u00ebr racizmit t\u00eb \u00e7do lloji n\u00eb sistemin e drejt\u00ebsis\u00eb.<\/p>\n<p>\u201cProtest\u00eb e fuqishme qytetare kund\u00ebr diskriminimit racor, fetar, krahinor nga zyrtar\u00ebt bandit t\u00eb narkoshtetit t\u00eb Edi Rames! Sb\u201d, shrkuan Berisha n\u00eb rrjetet sociale, bashkangjitur nj\u00eb fotografie ku thuhet se protesta \u00ebsht\u00eb p\u00ebr sistemin e drejt\u00ebsis\u00eb.<\/p>\n<p>Vet\u00ebm pak dit\u00eb m\u00eb par\u00eb, n\u00eb media jan\u00eb publikuar t\u00eb pakt\u00ebn dy raste ku pretendohet p\u00ebr diskriminim krahinor n\u00eb procesin e vettingut.<\/p>","protected":false},"excerpt":{"rendered":"<p>Ish-kryeministri Sali Berisha ka njoftuar organizimin e nj\u00eb proteste q\u00eb thot\u00eb se do t\u00eb mbahet kund\u00ebr racizmit t\u00eb \u00e7do lloji n\u00eb sistemin e drejt\u00ebsis\u00eb. \u201cProtest\u00eb e fuqishme qytetare kund\u00ebr diskriminimit racor, fetar, krahinor nga zyrtar\u00ebt bandit t\u00eb narkoshtetit t\u00eb Edi Rames! Sb\u201d, shrkuan Berisha n\u00eb rrjetet sociale, bashkangjitur nj\u00eb fotografie ku thuhet se protesta \u00ebsht\u00eb [&hellip;]<\/p>\n","protected":false},"author":2030,"featured_media":249473,"comment_status":"closed","ping_status":"closed","sticky":false,"template":"","format":"standard","meta":{"footnotes":""},"categories":[241,3366,5380,231],"tags":[],"class_list":{"0":"post-249472","1":"post","2":"type-post","3":"status-publish","4":"format-standard","5":"has-post-thumbnail","7":"category-aktualitet","8":"category-koment","9":"category-kryesore","10":"category-lajme"},"_links":{"self":[{"href":"https:\/\/zjarr.tv\/en\/wp-json\/wp\/v2\/posts\/249472","targetHints":{"allow":["GET"]}}],"collection":[{"href":"https:\/\/zjarr.tv\/en\/wp-json\/wp\/v2\/posts"}],"about":[{"href":"https:\/\/zjarr.tv\/en\/wp-json\/wp\/v2\/types\/post"}],"author":[{"embeddable":true,"href":"https:\/\/zjarr.tv\/en\/wp-json\/wp\/v2\/users\/2030"}],"replies":[{"embeddable":true,"href":"https:\/\/zjarr.tv\/en\/wp-json\/wp\/v2\/comments?post=249472"}],"version-history":[{"count":0,"href":"https:\/\/zjarr.tv\/en\/wp-json\/wp\/v2\/posts\/249472\/revisions"}],"wp:featuredmedia":[{"embeddable":true,"href":"https:\/\/zjarr.tv\/en\/wp-json\/wp\/v2\/media\/249473"}],"wp:attachment":[{"href":"https:\/\/zjarr.tv\/en\/wp-json\/wp\/v2\/media?parent=249472"}],"wp:term":[{"taxonomy":"category","embeddable":true,"href":"https:\/\/zjarr.tv\/en\/wp-json\/wp\/v2\/categories?post=249472"},{"taxonomy":"post_tag","embeddable":true,"href":"https:\/\/zjarr.tv\/en\/wp-json\/wp\/v2\/tags?post=249472"}],"curies":[{"name":"wp","href":"https:\/\/api.w.org\/{rel}","templated":true}]}}