{"id":249480,"date":"2022-04-06T23:25:16","date_gmt":"2022-04-06T21:25:16","guid":{"rendered":"https:\/\/zjarr.tv\/?p=249480"},"modified":"2022-04-06T23:25:16","modified_gmt":"2022-04-06T21:25:16","slug":"zgjedhja-e-presidentit-te-ri-bamir-topi-pd-ne-gremine-rama-ka-gjithe-te-drejten-e-zotit-ta-zgjedhe","status":"publish","type":"post","link":"https:\/\/zjarr.tv\/en\/zgjedhja-e-presidentit-te-ri-bamir-topi-pd-ne-gremine-rama-ka-gjithe-te-drejten-e-zotit-ta-zgjedhe\/","title":{"rendered":"Zgjedhja e presidentit t\u00eb ri, Bamir Topi: PD n\u00eb gremin\u00eb, Rama ka gjith\u00eb t\u00eb drejt\u00ebn e Zotit ta zgjedh\u00eb"},"content":{"rendered":"<p>Ish-presidenti Bamir Topi ka folur n\u00eb lidhje me situat\u00ebn n\u00eb Partin\u00eb Demokratike dhe zgjedhjen e presidentit t\u00eb ri. <\/p>\n<p>Topi tha se opozita n\u00eb situat\u00ebn q\u00eb gjendet nuk mund t\u00eb jet\u00eb vendimtare p\u00ebr zgjedhjen e presidentit. <\/p>\n<p>Nd\u00ebrsa shtoi se kryeministri, Edi Rama kishte t\u00eb drejt\u00eb t\u00eb merrte \u00e7do lloj vendimi p\u00ebr zgjedhjen e presidentit, sa koh\u00eb i kishte votat e duhura p\u00ebr ta zgjedhur. <\/p>\n<p>\u201cAjo opozit\u00eb nuk ka shanse t\u00eb jet\u00eb vendimmarr\u00ebse n\u00eb asgj\u00eb. Nuk \u00ebsht\u00eb puna t\u00eb shohim se \u00e7far\u00eb do ndodh\u00eb, por \u00e7far\u00eb po ndodh aktualisht. T\u00eb dy pal\u00ebt po shkojn\u00eb drejt gremin\u00ebs. Kur ti po shkon me vullnet drejt gremin\u00ebs \u00e7far\u00eb pret nga pal\u00ebt e tjera? <\/p>\n<p>Rama ka gjith\u00eb t\u00eb drejt\u00ebn e Zotit ta zgjedh\u00eb burr\u00eb apo grua, ta zgjedh\u00eb edhe t\u00eb nd\u00ebrmjet\u00ebm.<\/p>\n<p> Un\u00eb e thash\u00eb k\u00ebt\u00eb p\u00ebr t\u00eb th\u00ebn\u00eb se i gjith\u00eb diskutimi ishte i kot\u00eb. Kudo q\u00eb shkoj n\u00ebp\u00ebr studio ma b\u00ebjn\u00eb k\u00ebt\u00eb pyetje. Problemi \u00ebsht\u00eb q\u00eb t\u00eb gjith\u00eb po e diskutojn\u00eb kot sepse ai n\u00eb fund t\u00eb 24 or\u00ebshit fillon dhe tallet e b\u00ebn sarkaz\u00ebm. <\/p>\n<p>Ai thot\u00eb vazhdoni flisni ju, sepse asnj\u00ebher\u00eb nuk e ka pasigurin\u00eb p\u00ebr zgjedhjen e presidentit, pasi i ka 71 vota n\u00eb Kuvend\u201d\u2013 u shpreh ish presidenti.<\/p>","protected":false},"excerpt":{"rendered":"<p>Ish-presidenti Bamir Topi ka folur n\u00eb lidhje me situat\u00ebn n\u00eb Partin\u00eb Demokratike dhe zgjedhjen e presidentit t\u00eb ri. Topi tha se opozita n\u00eb situat\u00ebn q\u00eb gjendet nuk mund t\u00eb jet\u00eb vendimtare p\u00ebr zgjedhjen e presidentit. Nd\u00ebrsa shtoi se kryeministri, Edi Rama kishte t\u00eb drejt\u00eb t\u00eb merrte \u00e7do lloj vendimi p\u00ebr zgjedhjen e presidentit, sa koh\u00eb [&hellip;]<\/p>\n","protected":false},"author":2031,"featured_media":183034,"comment_status":"closed","ping_status":"closed","sticky":false,"template":"","format":"standard","meta":{"footnotes":""},"categories":[241,231,235],"tags":[],"class_list":{"0":"post-249480","1":"post","2":"type-post","3":"status-publish","4":"format-standard","5":"has-post-thumbnail","7":"category-aktualitet","8":"category-lajme","9":"category-vendi"},"_links":{"self":[{"href":"https:\/\/zjarr.tv\/en\/wp-json\/wp\/v2\/posts\/249480","targetHints":{"allow":["GET"]}}],"collection":[{"href":"https:\/\/zjarr.tv\/en\/wp-json\/wp\/v2\/posts"}],"about":[{"href":"https:\/\/zjarr.tv\/en\/wp-json\/wp\/v2\/types\/post"}],"author":[{"embeddable":true,"href":"https:\/\/zjarr.tv\/en\/wp-json\/wp\/v2\/users\/2031"}],"replies":[{"embeddable":true,"href":"https:\/\/zjarr.tv\/en\/wp-json\/wp\/v2\/comments?post=249480"}],"version-history":[{"count":0,"href":"https:\/\/zjarr.tv\/en\/wp-json\/wp\/v2\/posts\/249480\/revisions"}],"wp:featuredmedia":[{"embeddable":true,"href":"https:\/\/zjarr.tv\/en\/wp-json\/wp\/v2\/media\/183034"}],"wp:attachment":[{"href":"https:\/\/zjarr.tv\/en\/wp-json\/wp\/v2\/media?parent=249480"}],"wp:term":[{"taxonomy":"category","embeddable":true,"href":"https:\/\/zjarr.tv\/en\/wp-json\/wp\/v2\/categories?post=249480"},{"taxonomy":"post_tag","embeddable":true,"href":"https:\/\/zjarr.tv\/en\/wp-json\/wp\/v2\/tags?post=249480"}],"curies":[{"name":"wp","href":"https:\/\/api.w.org\/{rel}","templated":true}]}}